{"id":27966,"date":"2017-02-01T20:29:33","date_gmt":"2017-02-01T19:29:33","guid":{"rendered":"http:\/\/www.vuelosbaratos.es\/chispaviajera\/?p=27966"},"modified":"2017-02-01T20:29:33","modified_gmt":"2017-02-01T19:29:33","slug":"10-emblemas-arquitectonicos-berlin","status":"publish","type":"post","link":"https:\/\/www.vuelosbaratos.es\/chispaviajera\/10-emblemas-arquitectonicos-berlin\/","title":{"rendered":"10 emblemas arquitect\u00f3nicos de Berl\u00edn"},"content":{"rendered":"<p>Berl\u00edn es una ciudad como ninguna otra en Europa y con una personalidad e identidad muy caracter\u00edsticos. Berl\u00edn pas\u00f3 de ser una de las ciudades m\u00e1s vibrantes y din\u00e1micas del mundo en el primer tercio del siglo XX a una ciudad bombardeada, dividida y aislada. Tras superar las heridas del pasado, Berl\u00edn ha conseguido cerrar muchas de sus cicatrices y como capital de Alemania, se ha convertido en uno de los destinos m\u00e1s interesantes de Europa.<\/p>\n<p>Tal legado hist\u00f3rico ha dejado como huella toda una serie de estructuras arquitect\u00f3nicas que hay que visitar. Algunos nuevos y otros antiguos, los siguientes son una serie de emblemas arquitect\u00f3nicos de Berl\u00edn que definen una ciudad que est\u00e1 en plena transformaci\u00f3n.<\/p>\n<p>[divider]1. POTSDAMER PLATZ [\/divider]<\/p>\n<p>La menci\u00f3n de Berl\u00edn como una de las ciudades m\u00e1s vibrantes y animadas del planeta se debe precisamente a Potsdamer Platz, el epicentro de Berl\u00edn a finales del siglo XIX y comienzos del XX. Una suerte de Times Square berlin\u00e9s, donde se instal\u00f3 el primer sem\u00e1foro de Europa. Con la llegada de la Segunda Guerra Mundial, el \u00e1rea qued\u00f3 completamente destruida y posteriormente dividida.<\/p>\n<p>Convertida en un cementerio urbano, no fue hasta la ca\u00edda del Muro de Berl\u00edn que la zona volvi\u00f3 a adquirir su potencial y en menos de una d\u00e9cada se ejecutaron una serie de importantes proyectos que urbanizaron el \u00e1rea, dot\u00e1ndola nuevamente de vida. En estos proyectos intervinieron grandes arquitectos como Renzo Piano, Richard Rogers y Arata Isozaki, entre otros. Tambi\u00e9n destaca el Sony Center de Helmut Jahn, cuya vistosa c\u00fapula y su colorido sistema de iluminaci\u00f3n ya se han convertido en un s\u00edmbolo de Berl\u00edn.<\/p>\n<figure style=\"width: 1140px\" class=\"wp-caption alignnone\"><img decoding=\"async\" class=\"attachment-full gathercontent-image\" src=\"http:\/\/www.vuelosbaratos.es\/chispaviajera\/wp-content\/uploads\/2017\/02\/potsdamer_platz.jpg\" width=\"1140\" height=\"640\" data-gcid=\"2063418\" \/><figcaption class=\"wp-caption-text\">La c\u00fapula del Sony Center en Potsdamer Platz &#8211; Foto: <a href=\"https:\/\/www.flickr.com\/photos\/7575472@N02\/8087272770\" target=\"_blank\">Ricardo Ramirez Gisbert<\/a>, <u><a href=\"https:\/\/creativecommons.org\/licenses\/by\/2.0\/\">CC BY 2.0<\/a><\/u><\/figcaption><\/figure>\n<table class=\"tbldkgy\">\n<tbody>\n<tr>\n<td>Puedes llegar a Potsdamer Platz en la l\u00ednea U2 del U-Bahn (metro) o en la l\u00edneas S1 o S2 del S-Bahn (cercan\u00edas). All\u00ed te recomiendo visitar el Sony Center, un atractivo complejo que alberga un cine IMAX, el Legoland Discovery Center, la Deutsche Kinemathek, que exhibe una retrospectiva del cine alem\u00e1n, as\u00ed como tiendas, bares y restaurantes.<\/td>\n<\/tr>\n<\/tbody>\n<\/table>\n<p>[divider]2. C\u00daPULA DEL REICHSTAG [\/divider]<\/p>\n<p>Esta estructura fue la elegida por el afamado Norman Foster para simbolizar una Alemania reunificada. La c\u00fapula original, fue severamente da\u00f1ada tras un incendio en 1933 y finalmente destruida por los bombardeos de la Segunda Guerra Mundial. Tras la reunificaci\u00f3n alemana, se llam\u00f3 a un concurso p\u00fablico para dotar al Reichstag de una nueva c\u00fapula que simboliza la uni\u00f3n y el comienzo de una nueva era en el pa\u00eds.<\/p>\n<p>El proyecto ganador de Foster se construy\u00f3 a comienzos de los 90 y en la actualidad representa otro de los grandes s\u00edmbolos de Alemania, as\u00ed como la transparencia de sus sedes gubernamentales. Desde la c\u00fapula, aparte de poder ver la c\u00e1mara de debates del parlamento alem\u00e1n a trav\u00e9s de un cristal, es posible tener vistas de 360\u00ba de Berl\u00edn. Una visita imprescindible.<\/p>\n<div id='gallery-1' class='gallery galleryid-27966 gallery-columns-3 gallery-size-full'><figure class='gallery-item'>\n\t\t\t<div class='gallery-icon landscape'>\n\t\t\t\t<img decoding=\"async\" width=\"1140\" height=\"760\" src=\"https:\/\/www.vuelosbaratos.es\/chispaviajera\/wp-content\/uploads\/2017\/02\/berlin010217-5.jpg\" class=\"attachment-full size-full\" alt=\"\" aria-describedby=\"gallery-1-28049\" \/>\n\t\t\t<\/div>\n\t\t\t\t<figcaption class='wp-caption-text gallery-caption' id='gallery-1-28049'>\n\t\t\t\tLa c\u00fapola del Reichstag de Berl\u00edn.\n\t\t\t\t<\/figcaption><\/figure><figure class='gallery-item'>\n\t\t\t<div class='gallery-icon landscape'>\n\t\t\t\t<img decoding=\"async\" width=\"1140\" height=\"760\" src=\"https:\/\/www.vuelosbaratos.es\/chispaviajera\/wp-content\/uploads\/2017\/02\/berlin010217-10.jpg\" class=\"attachment-full size-full\" alt=\"\" aria-describedby=\"gallery-1-28054\" \/>\n\t\t\t<\/div>\n\t\t\t\t<figcaption class='wp-caption-text gallery-caption' id='gallery-1-28054'>\n\t\t\t\tLa c\u00fapola del Reichstag de Berl\u00edn.\n\t\t\t\t<\/figcaption><\/figure><figure class='gallery-item'>\n\t\t\t<div class='gallery-icon landscape'>\n\t\t\t\t<img decoding=\"async\" width=\"1140\" height=\"760\" src=\"https:\/\/www.vuelosbaratos.es\/chispaviajera\/wp-content\/uploads\/2017\/02\/berlin010217-9.jpg\" class=\"attachment-full size-full\" alt=\"\" aria-describedby=\"gallery-1-28053\" \/>\n\t\t\t<\/div>\n\t\t\t\t<figcaption class='wp-caption-text gallery-caption' id='gallery-1-28053'>\n\t\t\t\tEl Reichstag de Berl\u00edn\n\t\t\t\t<\/figcaption><\/figure><figure class='gallery-item'>\n\t\t\t<div class='gallery-icon portrait'>\n\t\t\t\t<img decoding=\"async\" width=\"800\" height=\"1205\" src=\"https:\/\/www.vuelosbaratos.es\/chispaviajera\/wp-content\/uploads\/2017\/02\/berlin010217-7.jpg\" class=\"attachment-full size-full\" alt=\"\" aria-describedby=\"gallery-1-28051\" \/>\n\t\t\t<\/div>\n\t\t\t\t<figcaption class='wp-caption-text gallery-caption' id='gallery-1-28051'>\n\t\t\t\tLa c\u00fapola del Reichstag de Berl\u00edn.\n\t\t\t\t<\/figcaption><\/figure><figure class='gallery-item'>\n\t\t\t<div class='gallery-icon landscape'>\n\t\t\t\t<img decoding=\"async\" width=\"1140\" height=\"766\" src=\"https:\/\/www.vuelosbaratos.es\/chispaviajera\/wp-content\/uploads\/2017\/02\/reichstag_cupula.jpg\" class=\"attachment-full size-full\" alt=\"\" aria-describedby=\"gallery-1-27969\" \/>\n\t\t\t<\/div>\n\t\t\t\t<figcaption class='wp-caption-text gallery-caption' id='gallery-1-27969'>\n\t\t\t\tLa c\u00fapola del Reichstag de Berl\u00edn.\n\t\t\t\t<\/figcaption><\/figure><figure class='gallery-item'>\n\t\t\t<div class='gallery-icon landscape'>\n\t\t\t\t<img decoding=\"async\" width=\"1140\" height=\"640\" src=\"https:\/\/www.vuelosbaratos.es\/chispaviajera\/wp-content\/uploads\/2017\/02\/reichstag.jpg\" class=\"attachment-full size-full\" alt=\"\" aria-describedby=\"gallery-1-27970\" \/>\n\t\t\t<\/div>\n\t\t\t\t<figcaption class='wp-caption-text gallery-caption' id='gallery-1-27970'>\n\t\t\t\tEl Reichstag de Berl\u00edn &#8211; Foto: <a href=\"https:\/\/www.flickr.com\/photos\/7575472@N02\/8087272161\/in\/album-72157631769004345\/\" target=\"_blank\">Ricardo Ramirez Gisbert<\/a>, <u><a href=\"https:\/\/creativecommons.org\/licenses\/by\/2.0\/\">CC BY 2.0<\/a><\/u>\n\t\t\t\t<\/figcaption><\/figure><figure class='gallery-item'>\n\t\t\t<div class='gallery-icon landscape'>\n\t\t\t\t<img decoding=\"async\" width=\"1140\" height=\"757\" src=\"https:\/\/www.vuelosbaratos.es\/chispaviajera\/wp-content\/uploads\/2017\/02\/berlin010217-6.jpg\" class=\"attachment-full size-full\" alt=\"\" aria-describedby=\"gallery-1-28050\" \/>\n\t\t\t<\/div>\n\t\t\t\t<figcaption class='wp-caption-text gallery-caption' id='gallery-1-28050'>\n\t\t\t\tLa c\u00fapola del Reichstag de Berl\u00edn.\n\t\t\t\t<\/figcaption><\/figure><figure class='gallery-item'>\n\t\t\t<div class='gallery-icon landscape'>\n\t\t\t\t<img decoding=\"async\" width=\"1400\" height=\"786\" src=\"https:\/\/www.vuelosbaratos.es\/chispaviajera\/wp-content\/uploads\/2017\/02\/berlin010217-8.jpg\" class=\"attachment-full size-full\" alt=\"\" aria-describedby=\"gallery-1-28052\" \/>\n\t\t\t<\/div>\n\t\t\t\t<figcaption class='wp-caption-text gallery-caption' id='gallery-1-28052'>\n\t\t\t\tLa c\u00fapola del Reichstag de Berl\u00edn.\n\t\t\t\t<\/figcaption><\/figure>\n\t\t<\/div>\n\n<table class=\"tbldkgy\">\n<tbody>\n<tr>\n<td>La visita a la c\u00fapula del Reichstag es gratuita pero es necesario hacer una reserva con fecha y hora, as\u00ed como aportar los datos de los visitantes. Puedes hacerlo haciendo click <a href=\"https:\/\/visite.bundestag.de\/BAPWeb\/pages\/createBookingRequest.jsf?lang=en\">en este enlace<\/a>.<\/p>\n<p>Abre todos los d\u00edas (excepto en algunas fiestas) de 8:00 horas a 24:00 horas.<\/td>\n<\/tr>\n<\/tbody>\n<\/table>\n<p>[divider]3. FERNSEHTURM [\/divider]<\/p>\n<p>Bajo este nombre se conoce oficialmente a la Torre de Televisi\u00f3n de Berl\u00edn, sin duda, la estructura m\u00e1s visible de la ciudad y un punto inequ\u00edvoco de referencia, marcando la ubicaci\u00f3n geogr\u00e1fica de Alexanderplatz, la zona m\u00e1s c\u00e9ntrica de Berl\u00edn. Con una altura de 368 metros, la torre de televisi\u00f3n, construida en 1969, es el punto m\u00e1s alto de Berl\u00edn y hasta se puede ver f\u00e1cilmente desde el avi\u00f3n minutos antes de aterrizar.<\/p>\n<p>La Fernsehturm tiene un restaurante giratorio y un mirador a 204 metros de altura, el cual ofrece las mejores vistas de posibles de Berl\u00edn. La visita la puedes hacer libremente o bien escogiendo comer o merendar en el restaurante, el cual da una vuelta completa cada media hora.<\/p>\n<div id='gallery-2' class='gallery galleryid-27966 gallery-columns-3 gallery-size-full'><figure class='gallery-item'>\n\t\t\t<div class='gallery-icon portrait'>\n\t\t\t\t<img decoding=\"async\" width=\"800\" height=\"1195\" src=\"https:\/\/www.vuelosbaratos.es\/chispaviajera\/wp-content\/uploads\/2017\/02\/berlin010217-1.jpg\" class=\"attachment-full size-full\" alt=\"\" aria-describedby=\"gallery-2-28045\" \/>\n\t\t\t<\/div>\n\t\t\t\t<figcaption class='wp-caption-text gallery-caption' id='gallery-2-28045'>\n\t\t\t\tLa Fernsehturm, Berl\u00edn\n\t\t\t\t<\/figcaption><\/figure><figure class='gallery-item'>\n\t\t\t<div class='gallery-icon landscape'>\n\t\t\t\t<img decoding=\"async\" width=\"1140\" height=\"782\" src=\"https:\/\/www.vuelosbaratos.es\/chispaviajera\/wp-content\/uploads\/2017\/02\/berlin010217-2.jpg\" class=\"attachment-full size-full\" alt=\"\" aria-describedby=\"gallery-2-28046\" \/>\n\t\t\t<\/div>\n\t\t\t\t<figcaption class='wp-caption-text gallery-caption' id='gallery-2-28046'>\n\t\t\t\tLa Fernsehturm, Berl\u00edn\n\t\t\t\t<\/figcaption><\/figure><figure class='gallery-item'>\n\t\t\t<div class='gallery-icon landscape'>\n\t\t\t\t<img decoding=\"async\" width=\"1140\" height=\"758\" src=\"https:\/\/www.vuelosbaratos.es\/chispaviajera\/wp-content\/uploads\/2017\/02\/fernsehturm.jpg\" class=\"attachment-full size-full\" alt=\"\" aria-describedby=\"gallery-2-27971\" \/>\n\t\t\t<\/div>\n\t\t\t\t<figcaption class='wp-caption-text gallery-caption' id='gallery-2-27971'>\n\t\t\t\tLa Fernsehturm, Berl\u00edn\n\t\t\t\t<\/figcaption><\/figure>\n\t\t<\/div>\n\n<table class=\"tbldkgy\">\n<tbody>\n<tr>\n<td>Existen varios tipos de entrada para visitar la Fernsehturm, con accesos desde los 15,50\u20ac para adultos (8,50\u20ac de 4 a 16 a\u00f1os). Puedes escoger una entrada con esperas o una entrada \u201cacceso r\u00e1pido\u201d, para evitar colas. Una buena hora para subir es un poco antes del atardecer, de manera que puedas ver Berl\u00edn de d\u00eda y de noche en una misma visita. Compra las entradas en su <a href=\"https:\/\/tv-turm.de\/es\/entradas\/entrada-plataforma-de-observacion\/\">web oficial<\/a>.<\/td>\n<\/tr>\n<\/tbody>\n<\/table>\n<p>[divider]4. BERLIN HAUPTBAHNHOF [\/divider]<\/p>\n<p>Una de las consecuencias de la divisi\u00f3n entre Berl\u00edn oriental y occidental, fue un sistema de l\u00edneas de transporte poco eficiente. Tras la reunificaci\u00f3n de la ciudad, era imperativo dotar a la ciudad de una estaci\u00f3n que simplificara y mejorara el sistema de ferrocarriles, naciendo as\u00ed el proyecto para la nueva Estaci\u00f3n Central de Berl\u00edn.<\/p>\n<p>Con una circulaci\u00f3n diaria que casi alcanza el cuarto de mill\u00f3n de personas, la futurista estaci\u00f3n sustituy\u00f3 a ocho antiguas estaciones terminales, agrupando todas las l\u00edneas en un mismo sitio. La inauguraci\u00f3n coincidi\u00f3 con la celebraci\u00f3n de la Copa Mundial de F\u00fatbol de 2006, que fue celebrada en Alemania.<\/p>\n<figure style=\"width: 1140px\" class=\"wp-caption alignnone\"><img decoding=\"async\" class=\"attachment-full gathercontent-image\" src=\"http:\/\/www.vuelosbaratos.es\/chispaviajera\/wp-content\/uploads\/2017\/02\/berlin_hauptbahnhof.jpg\" width=\"1140\" height=\"640\" data-gcid=\"2063437\" \/><figcaption class=\"wp-caption-text\">La Estaci\u00f3n Central de Berl\u00edn &#8211; Foto: <a href=\"https:\/\/www.flickr.com\/photos\/7575472@N02\/8087276436\/in\/album-72157631769004345\/\" target=\"_blank\">Ricardo Ramirez Gisbert<\/a>, <u><a href=\"https:\/\/creativecommons.org\/licenses\/by\/2.0\/\">CC BY 2.0<\/a><\/u><\/figcaption><\/figure>\n<p>[divider]5. PUENTE OBERBAUM [\/divider]<\/p>\n<p>Aparte de ser uno de los puentes m\u00e1s bonitos que cruzan el r\u00edo Spree y de enlazar dos importantes distritos de la capital alemana, el Puente Oberbaum es c\u00e9lebre por ser uno de los antiguos puntos fronterizos entre oriente y occidente. Due\u00f1o de una profusi\u00f3n de elementos decorativos, el puente de piedra de estilo g\u00f3tico fue inaugurado en 1896 y era utilizado para cruce de veh\u00edculos, trenes (metro) y peatones. Con la construcci\u00f3n del muro de Berl\u00edn en 1961, el tr\u00e1fico fue cortado y el paso del metro clausurado, tan s\u00f3lo se utiliz\u00f3 como punto de control para peatones entre ambas secciones de la ciudad.<\/p>\n<p><img decoding=\"async\" class=\"attachment-full size-full gathercontent-image\" src=\"http:\/\/www.vuelosbaratos.es\/chispaviajera\/wp-content\/uploads\/2017\/02\/puente_obarbaum.jpg\" alt=\"\" width=\"1140\" height=\"759\" data-gcid=\"2063439\" \/><\/p>\n<p>[divider]6. EAST SIDE GALLERY [\/divider]<\/p>\n<p>A poca distancia de este puente se halla otro de los legados de la Guerra Fr\u00eda. Se trata del East Side Gallery, el tramo m\u00e1s largo que se conserva del antiguo Muro de Berl\u00edn y que en sus m\u00e1s de 1.300 metros presenta una serie de pinturas, grafitis y murales que fueron pintados sobre la infame estructura una vez se acab\u00f3 la divisi\u00f3n a comienzos de la d\u00e9cada de 1990. Consta de 103 murales firmados por una gran variedad de artistas mundiales, consider\u00e1ndose como la galer\u00eda de arte m\u00e1s grande del mundo al aire libre.<\/p>\n<figure style=\"width: 1140px\" class=\"wp-caption alignnone\"><img decoding=\"async\" class=\"attachment-full gathercontent-image\" src=\"http:\/\/www.vuelosbaratos.es\/chispaviajera\/wp-content\/uploads\/2017\/02\/east_side_gallery.jpg\" width=\"1140\" height=\"640\" data-gcid=\"2063441\" \/><figcaption class=\"wp-caption-text\">East Side Gallery &#8211; Foto: <a href=\"https:\/\/www.flickr.com\/photos\/7575472@N02\/20633421586\/in\/album-72157657394562531\/\" target=\"_blank\">Ricardo Ramirez Gisbert<\/a>, <u><a href=\"https:\/\/creativecommons.org\/licenses\/by\/2.0\/\">CC BY 2.0<\/a><\/u><\/figcaption><\/figure>\n<p>[divider]7. BARRIO GUBERNAMENTAL [\/divider]<\/p>\n<p>Con el Reichstag como punto de partida, se puede visitar el Barrio Gubernamental de Berl\u00edn, una serie de edificios a lo largo de la ribera del Spree en donde se encuentran la Canciller\u00eda Federal, el parque Spreebogen, la Casa de Culturas del Mundo (Haus Der Kulturen Der Welt). La moderna Canciller\u00eda, obra de los arquitectos berlineses Axel Schultes y Charlotte Frank, es sin duda el edificio m\u00e1s llamativo del conjunto, cuya transparencia pretende simbolizar la nitidez de las gestiones gubernamentales. Por su gigante c\u00edrculo de 18 metros en una de sus fachadas, tambi\u00e9n se le conoce como la \u201clavadora federal\u201d.<img decoding=\"async\" class=\"attachment-full size-full gathercontent-image\" src=\"http:\/\/www.vuelosbaratos.es\/chispaviajera\/wp-content\/uploads\/2017\/02\/barrio_gobierno_berlin.jpg\" alt=\"\" width=\"1140\" height=\"410\" data-gcid=\"2063442\" \/><\/p>\n<p>[divider]8. SCIENCE CENTER DE BERL\u00cdN [\/divider]<\/p>\n<p>Si te encuentras caminando entre Potsdamer Platz y la Puerta de Brandeburgo, inevitablemente ver\u00e1s este curioso y futurista edificio blanco que alberga el Science Center de Berl\u00edn. Aunque desde fuera parezca un edificio privado, dentro puedes visitar gratuitamente exposiciones interactivas sobre el mundo de las pr\u00f3tesis y el mundo deportivo. M\u00e1s all\u00e1 de la exposici\u00f3n, el Science Center es un peque\u00f1o museo para los fan\u00e1ticos de la arquitectura y de la firma Gn\u00e4dinger y Art+Com, responsables del proyecto.<\/p>\n<figure style=\"width: 900px\" class=\"wp-caption alignnone\"><img decoding=\"async\" class=\"attachment-full gathercontent-image\" src=\"http:\/\/www.vuelosbaratos.es\/chispaviajera\/wp-content\/uploads\/2017\/02\/science_center_berlin.jpg\" width=\"900\" height=\"506\" data-gcid=\"2063443\" \/><figcaption class=\"wp-caption-text\">Science Center de Berl\u00edn &#8211; Foto: <a href=\"https:\/\/www.flickr.com\/photos\/7575472@N02\/8426172887\/in\/album-72157632641823860\/\" target=\"_blank\">Ricardo Ramirez Gisbert<\/a>, <u><a href=\"https:\/\/creativecommons.org\/licenses\/by\/2.0\/\">CC BY 2.0<\/a><\/u><\/figcaption><\/figure>\n<p>[divider]9. MUSEO JUD\u00cdO DE BERL\u00cdN [\/divider]<\/p>\n<p>Con un dise\u00f1o que claramente representa los horrores del Holocausto a trav\u00e9s de dram\u00e1ticos \u00e1ngulos y aberturas, el Museo Jud\u00edo de Berl\u00edn es la mayor muestra de objetos, art\u00edculos, obras de arte y dem\u00e1s pertenencias de los jud\u00edos que han vivido en Alemania en los \u00faltimos dos mil a\u00f1os. Representando el vac\u00edo que dejaron los jud\u00edos berlineses que fueron exterminados en este tr\u00e1gico episodio de la historia, el museo explora la importancia de los jud\u00edos en Berl\u00edn a trav\u00e9s de espacios como la Torre del Holocausto o el Jard\u00edn del Exilio. Es obra del afamado arquitecto polaco Daniel Libeskind y abri\u00f3 sus puertas en 1999.<\/p>\n<p><img decoding=\"async\" class=\"attachment-full size-full gathercontent-image\" src=\"http:\/\/www.vuelosbaratos.es\/chispaviajera\/wp-content\/uploads\/2017\/02\/museo_judio_berlin.jpg\" alt=\"\" width=\"691\" height=\"1140\" data-gcid=\"2063453\" \/><\/p>\n<p>[divider]10. TEMPELHOF [\/divider]<\/p>\n<p>Tempelhof fue uno de los aeropuertos de Berl\u00edn que funcion\u00f3 hasta el a\u00f1o 2008. Dada su cercana ubicaci\u00f3n al centro de la ciudad, no consigui\u00f3 expanderse y adaptarse a las necesidades actuales del tr\u00e1fico a\u00e9reo, por lo que era el menos utilizado de los aeropuertos de Berl\u00edn. A\u00fan as\u00ed, en otras \u00e9pocas fue uno de los aeropuertos con m\u00e1s tr\u00e1fico en el mundo y ampliamente alabado por su extrema funcionalidad y comodidad. Fue testigo de muchos acontecimientos hist\u00f3ricos de importancia, sirviendo por ejemplo como el sitio donde aterrizaron los aviones del Puente A\u00e9reo durante el infame Bloqueo de Berl\u00edn.<\/p>\n<p>Como pieza arquitect\u00f3nica es un verdadero prodigio. Con unas proporciones arm\u00f3nicas que solamente pueden apreciarse desde el aire, el edificio de la terminal de Tempelhof es a la vez una construcci\u00f3n abominablemente larga. Hasta la construcci\u00f3n del Pent\u00e1gono, fue el edificio m\u00e1s grande del mundo. En la actualidad, el espacio donde estaban las pistas se ha convertido en un enorme parque p\u00fablico que se puede visitar libremente. Tambi\u00e9n se organizan tours para visitar el edificio de la terminal.<\/p>\n<div id='gallery-3' class='gallery galleryid-27966 gallery-columns-3 gallery-size-full'><figure class='gallery-item'>\n\t\t\t<div class='gallery-icon landscape'>\n\t\t\t\t<img decoding=\"async\" width=\"1140\" height=\"760\" src=\"https:\/\/www.vuelosbaratos.es\/chispaviajera\/wp-content\/uploads\/2017\/02\/berlin010217-4.jpg\" class=\"attachment-full size-full\" alt=\"\" aria-describedby=\"gallery-3-28048\" \/>\n\t\t\t<\/div>\n\t\t\t\t<figcaption class='wp-caption-text gallery-caption' id='gallery-3-28048'>\n\t\t\t\tAeropuerto de Tempelhof\n\t\t\t\t<\/figcaption><\/figure><figure class='gallery-item'>\n\t\t\t<div class='gallery-icon portrait'>\n\t\t\t\t<img decoding=\"async\" width=\"800\" height=\"1230\" src=\"https:\/\/www.vuelosbaratos.es\/chispaviajera\/wp-content\/uploads\/2017\/02\/berlin010217-3.jpg\" class=\"attachment-full size-full\" alt=\"\" aria-describedby=\"gallery-3-28047\" \/>\n\t\t\t<\/div>\n\t\t\t\t<figcaption class='wp-caption-text gallery-caption' id='gallery-3-28047'>\n\t\t\t\tAeropuerto de Tempelhof\n\t\t\t\t<\/figcaption><\/figure><figure class='gallery-item'>\n\t\t\t<div class='gallery-icon landscape'>\n\t\t\t\t<img decoding=\"async\" width=\"1140\" height=\"640\" src=\"https:\/\/www.vuelosbaratos.es\/chispaviajera\/wp-content\/uploads\/2017\/02\/tempelhof.jpg\" class=\"attachment-full size-full\" alt=\"\" aria-describedby=\"gallery-3-27978\" \/>\n\t\t\t<\/div>\n\t\t\t\t<figcaption class='wp-caption-text gallery-caption' id='gallery-3-27978'>\n\t\t\t\tBicicletas en el Aeropuerto de Tempelhof &#8211; Foto: <a href=\"https:\/\/www.flickr.com\/photos\/7575472@N02\/9536711102\/in\/album-72157635121528070\/\" target=\"_blank\">Ricardo Ramirez Gisbert<\/a>, <u><a href=\"https:\/\/creativecommons.org\/licenses\/by\/2.0\/\">CC BY 2.0<\/a><\/u>\n\t\t\t\t<\/figcaption><\/figure>\n\t\t<\/div>\n\n<p>&nbsp;<\/p>\n","protected":false},"excerpt":{"rendered":"<p>Algunos son antiguos y otros muy nuevos, pero todos definen son parte inseparable de la experiencia de visitar Berl\u00edn. Te presentamos 10 emblemas arquitect\u00f3nicos de Berl\u00edn.<\/p>\n","protected":false},"author":17,"featured_media":27967,"comment_status":"closed","ping_status":"closed","sticky":false,"template":"","format":"standard","meta":{"footnotes":""},"categories":[1282],"tags":[140,250],"_links":{"self":[{"href":"https:\/\/www.vuelosbaratos.es\/chispaviajera\/wp-json\/wp\/v2\/posts\/27966"}],"collection":[{"href":"https:\/\/www.vuelosbaratos.es\/chispaviajera\/wp-json\/wp\/v2\/posts"}],"about":[{"href":"https:\/\/www.vuelosbaratos.es\/chispaviajera\/wp-json\/wp\/v2\/types\/post"}],"author":[{"embeddable":true,"href":"https:\/\/www.vuelosbaratos.es\/chispaviajera\/wp-json\/wp\/v2\/users\/17"}],"replies":[{"embeddable":true,"href":"https:\/\/www.vuelosbaratos.es\/chispaviajera\/wp-json\/wp\/v2\/comments?post=27966"}],"version-history":[{"count":3,"href":"https:\/\/www.vuelosbaratos.es\/chispaviajera\/wp-json\/wp\/v2\/posts\/27966\/revisions"}],"predecessor-version":[{"id":28056,"href":"https:\/\/www.vuelosbaratos.es\/chispaviajera\/wp-json\/wp\/v2\/posts\/27966\/revisions\/28056"}],"wp:featuredmedia":[{"embeddable":true,"href":"https:\/\/www.vuelosbaratos.es\/chispaviajera\/wp-json\/wp\/v2\/media\/27967"}],"wp:attachment":[{"href":"https:\/\/www.vuelosbaratos.es\/chispaviajera\/wp-json\/wp\/v2\/media?parent=27966"}],"wp:term":[{"taxonomy":"category","embeddable":true,"href":"https:\/\/www.vuelosbaratos.es\/chispaviajera\/wp-json\/wp\/v2\/categories?post=27966"},{"taxonomy":"post_tag","embeddable":true,"href":"https:\/\/www.vuelosbaratos.es\/chispaviajera\/wp-json\/wp\/v2\/tags?post=27966"}],"curies":[{"name":"wp","href":"https:\/\/api.w.org\/{rel}","templated":true}]}}