{"id":26178,"date":"2016-12-18T02:47:02","date_gmt":"2016-12-18T00:47:02","guid":{"rendered":"http:\/\/www.vuelosbaratos.es\/chispaviajera\/?p=26178"},"modified":"2017-02-20T22:50:41","modified_gmt":"2017-02-20T21:50:41","slug":"48-horas-vitoria","status":"publish","type":"post","link":"https:\/\/www.vuelosbaratos.es\/chispaviajera\/48-horas-vitoria\/","title":{"rendered":"48 horas en Vitoria"},"content":{"rendered":"<p>Vitoria-Gasteiz, capital de \u00c1lava, es una de la ciudades con <strong>m\u00e1s calidad de vida de todo el pa\u00eds<\/strong> y adem\u00e1s ha sido reconocida como <strong>Capital Verde Europea<\/strong>. Su gran riqueza cultural y un abanico de posibilidades a realizar en la misma ciudad, junto con su proximidad a algunos de los paisajes m\u00e1s bellos del Pa\u00eds Vasco, hacen que Vitoria sea una candidata muy interesante para planear una escapada.<\/p>\n<p>Durante el a\u00f1o 2012 fue <em>Capital Verde Europea<\/em> galard\u00f3n obtenido entre 18 ciudades seleccionadas, y adjudicado por su gran integraci\u00f3n de los <strong>espacios verdes<\/strong> y que reconoce las ciudades que mejor se ocupan del medio ambiente y del entorno vital de sus habitantes. Para los visitantes es tambi\u00e9n un lugar muy agradable y tranquilo.<\/p>\n<p>Te contamos las claves para visitar esta ciudad en 48 horas: una variedad de propuestas que abarcan su <em>rico patrimonio hist\u00f3rico-art\u00edstico, su patrimonio cultural m\u00e1s representativo<\/em> y una biodiversidad que se traslada en el para\u00edso que es como destino para combinar <strong>actividades de enoturismo y\u00a0<\/strong><b>ecoturismo<\/b>.<\/p>\n<p><strong>[divider] JUEVES\u00a0[\/divider]<\/strong><\/p>\n<p><strong>11 horas.<\/strong>\u00a0<strong>El centro de Vitoria-Gasteiz y su entorno<\/strong><\/p>\n<p>Llegando a Vitoria-Gasteiz vamos a comenzar a visitarla por la zona m\u00e1s emblem\u00e1tica de la ciudad, la <strong>Plaza de la Virgen Blanca<\/strong>. Es la zona m\u00e1s conocida de la ciudad, donde aparece <em>Celed\u00f3n<\/em> cada 4 de agosto en la Semana de las Fiestas de la ciudad. Para situarnos, esta plaza sirve de nexo entre la zona medieval monumental, el casco hist\u00f3rico y la zona del ensanche que da paso a los barrios y zonas verdes de la ciudad por todo su per\u00edmetro.<\/p>\n<div id='gallery-1' class='gallery galleryid-26178 gallery-columns-3 gallery-size-full'><figure class='gallery-item'>\n\t\t\t<div class='gallery-icon portrait'>\n\t\t\t\t<img decoding=\"async\" width=\"1140\" height=\"1716\" src=\"https:\/\/www.vuelosbaratos.es\/chispaviajera\/wp-content\/uploads\/2016\/12\/galeria1Vitoria1.jpg\" class=\"attachment-full size-full\" alt=\"\" aria-describedby=\"gallery-1-26182\" \/>\n\t\t\t<\/div>\n\t\t\t\t<figcaption class='wp-caption-text gallery-caption' id='gallery-1-26182'>\n\t\t\t\tPlaza Vitoria Virgen Blanca\n\t\t\t\t<\/figcaption><\/figure><figure class='gallery-item'>\n\t\t\t<div class='gallery-icon portrait'>\n\t\t\t\t<img decoding=\"async\" width=\"1140\" height=\"1575\" src=\"https:\/\/www.vuelosbaratos.es\/chispaviajera\/wp-content\/uploads\/2016\/12\/galeria1Vitoria2.jpg\" class=\"attachment-full size-full\" alt=\"\" aria-describedby=\"gallery-1-26184\" \/>\n\t\t\t<\/div>\n\t\t\t\t<figcaption class='wp-caption-text gallery-caption' id='gallery-1-26184'>\n\t\t\t\tCasco viejo, Vitoria\n\t\t\t\t<\/figcaption><\/figure><figure class='gallery-item'>\n\t\t\t<div class='gallery-icon landscape'>\n\t\t\t\t<img decoding=\"async\" width=\"1140\" height=\"763\" src=\"https:\/\/www.vuelosbaratos.es\/chispaviajera\/wp-content\/uploads\/2016\/12\/galeria1Vitoria3.jpg\" class=\"attachment-full size-full\" alt=\"\" aria-describedby=\"gallery-1-26186\" \/>\n\t\t\t<\/div>\n\t\t\t\t<figcaption class='wp-caption-text gallery-caption' id='gallery-1-26186'>\n\t\t\t\tEscaleras acceso Zona Monumental\n\t\t\t\t<\/figcaption><\/figure><figure class='gallery-item'>\n\t\t\t<div class='gallery-icon landscape'>\n\t\t\t\t<img decoding=\"async\" width=\"1140\" height=\"760\" src=\"https:\/\/www.vuelosbaratos.es\/chispaviajera\/wp-content\/uploads\/2016\/12\/galeria1Vitoria4.jpg\" class=\"attachment-full size-full\" alt=\"\" aria-describedby=\"gallery-1-26188\" \/>\n\t\t\t<\/div>\n\t\t\t\t<figcaption class='wp-caption-text gallery-caption' id='gallery-1-26188'>\n\t\t\t\tAnillo Verde Edificio Fernando Buesa desde Humedal Salburua\n\t\t\t\t<\/figcaption><\/figure><figure class='gallery-item'>\n\t\t\t<div class='gallery-icon landscape'>\n\t\t\t\t<img decoding=\"async\" width=\"1140\" height=\"760\" src=\"https:\/\/www.vuelosbaratos.es\/chispaviajera\/wp-content\/uploads\/2016\/12\/galeria1Vitoria5.jpg\" class=\"attachment-full size-full\" alt=\"\" aria-describedby=\"gallery-1-26190\" \/>\n\t\t\t<\/div>\n\t\t\t\t<figcaption class='wp-caption-text gallery-caption' id='gallery-1-26190'>\n\t\t\t\tPlaza Ayuntamiento\n\t\t\t\t<\/figcaption><\/figure><figure class='gallery-item'>\n\t\t\t<div class='gallery-icon landscape'>\n\t\t\t\t<img decoding=\"async\" width=\"1140\" height=\"763\" src=\"https:\/\/www.vuelosbaratos.es\/chispaviajera\/wp-content\/uploads\/2016\/12\/galeria1Vitoria6.jpg\" class=\"attachment-full size-full\" alt=\"\" aria-describedby=\"gallery-1-26192\" \/>\n\t\t\t<\/div>\n\t\t\t\t<figcaption class='wp-caption-text gallery-caption' id='gallery-1-26192'>\n\t\t\t\tVirgen Blanca\n\t\t\t\t<\/figcaption><\/figure><figure class='gallery-item'>\n\t\t\t<div class='gallery-icon landscape'>\n\t\t\t\t<img decoding=\"async\" width=\"1140\" height=\"547\" src=\"https:\/\/www.vuelosbaratos.es\/chispaviajera\/wp-content\/uploads\/2016\/12\/galeria1Vitoria7.jpg\" class=\"attachment-full size-full\" alt=\"\" aria-describedby=\"gallery-1-26194\" \/>\n\t\t\t<\/div>\n\t\t\t\t<figcaption class='wp-caption-text gallery-caption' id='gallery-1-26194'>\n\t\t\t\tRestos de la Muralla Siglo 11 por Pablo, (<a href=\"https:\/\/creativecommons.org\/licenses\/by\/2.0\/\" target=\"_blank\" class=\"external\" rel=\"nofollow\">CC BY-SA 2.0<\/a>)\n\t\t\t\t<\/figcaption><\/figure><figure class='gallery-item'>\n\t\t\t<div class='gallery-icon landscape'>\n\t\t\t\t<img decoding=\"async\" width=\"1140\" height=\"757\" src=\"https:\/\/www.vuelosbaratos.es\/chispaviajera\/wp-content\/uploads\/2016\/12\/galeria1Vitoria8.jpg\" class=\"attachment-full size-full\" alt=\"\" aria-describedby=\"gallery-1-26196\" \/>\n\t\t\t<\/div>\n\t\t\t\t<figcaption class='wp-caption-text gallery-caption' id='gallery-1-26196'>\n\t\t\t\tDetalle Esculturas Catedral Nueva\n\t\t\t\t<\/figcaption><\/figure><figure class='gallery-item'>\n\t\t\t<div class='gallery-icon landscape'>\n\t\t\t\t<img decoding=\"async\" width=\"1140\" height=\"755\" src=\"https:\/\/www.vuelosbaratos.es\/chispaviajera\/wp-content\/uploads\/2016\/12\/galeria1Vitoria9.jpg\" class=\"attachment-full size-full\" alt=\"\" aria-describedby=\"gallery-1-26198\" \/>\n\t\t\t<\/div>\n\t\t\t\t<figcaption class='wp-caption-text gallery-caption' id='gallery-1-26198'>\n\t\t\t\tPalacio de la Diputaci\u00f3n\n\t\t\t\t<\/figcaption><\/figure>\n\t\t<\/div>\n\n<p><strong>11 horas.<\/strong>\u00a0<strong>La Plaza de la Virgen Blanca<\/strong><\/p>\n<p>Llegamos por la ma\u00f1ana y vamos a dar un paseo por la zona. <strong>Vitoria<\/strong> invita a caminar ya que cuenta con muchas zonas peatonales y calles preciosas. Comenzamos por citada La Plaza de la Virgen Blanca, La Plaza Nueva y la calle Eduardo Dato.<\/p>\n<p>La Plaza de la Virgen Blanca esta rodeada de casas abalconadas. Sus miradores, son t\u00edpicos de la arquitectura del centro de esta ciudad, que asom\u00e1ndose a las calles, aprovechan m\u00e1s la luz natural. En el centro de la plaza est\u00e1 el <strong>monumento dedicado a la Batalla de Vitoria<\/strong> que tuvo lugar en 1813, durante la <em>Guerra de la Independencia<\/em>, las guerras Napole\u00f3nicas. En 2007 se peatonaliz\u00f3 por completo y es una zona muy agradable para iniciar un paseo.<\/p>\n<figure style=\"width: 1140px\" class=\"wp-caption alignnone\"><img decoding=\"async\" class=\"attachment-full gathercontent-image\" src=\"http:\/\/www.vuelosbaratos.es\/chispaviajera\/wp-content\/uploads\/2016\/12\/PlazaVirgenBlanca.jpg\" width=\"1140\" height=\"757\" data-gcid=\"980520\" \/><figcaption class=\"wp-caption-text\">Plaza de la Virgen Blanca<\/figcaption><\/figure>\n<figure style=\"width: 1140px\" class=\"wp-caption alignnone\"><img decoding=\"async\" class=\"attachment-full gathercontent-image\" src=\"http:\/\/www.vuelosbaratos.es\/chispaviajera\/wp-content\/uploads\/2016\/12\/Plaza-Nueva2.jpg\" width=\"1140\" height=\"763\" data-gcid=\"980606\" \/><figcaption class=\"wp-caption-text\">Plaza Nueva o Plaza de Espa\u00f1a<\/figcaption><\/figure>\n<p><img decoding=\"async\" class=\"attachment-full size-full gathercontent-image\" src=\"http:\/\/www.vuelosbaratos.es\/chispaviajera\/wp-content\/uploads\/2016\/12\/Plaza-Es.jpg\" alt=\"\" width=\"1140\" height=\"760\" data-gcid=\"980522\" \/><\/p>\n<p><strong>12:00 horas. La Plaza Nueva y la calle Dato<\/strong><\/p>\n<p>La <strong>Plaza Nueva<\/strong>, conocida tambi\u00e9n como <strong><em>Plaza de Espa\u00f1a<\/em><\/strong>, es neocl\u00e1sica, cuadrada y sede del edificio hist\u00f3rico del Ayuntamiento de la ciudad. Data de 1791 y se construy\u00f3 con el objetivo de dotar a Vitoria-Gasteiz con una Plaza Mayor, al estilo de otras ciudades. Es obra del arquitecto Justo Antonio de Olagu\u00edbel y tiene una elegante fachada, con arcadas. Es donde est\u00e1 la <em>Oficina de Turismo<\/em> y hay varios caf\u00e9s y bares donde se puede disfrutar de sus terrazas.<\/p>\n<p>Desde la Plaza salimos a una de las calles principales, tomando la calle que d\u00e1 justo enfrente al edificio de la propia estaci\u00f3n. Es la <strong>calle Dato<\/strong>. Estas calles cuentan con establecimientos de gran tradici\u00f3n como la <em>Bombonera Goya<\/em>, famosa por sus dulces, marr\u00f3n glac\u00e9 o casta\u00f1as confitadas, trufas, bombona \u201cvasquitos\u201d y \u201cnesquitas\u201d, sus mazapanes, etc.<\/p>\n<p><img decoding=\"async\" class=\"attachment-full size-full gathercontent-image\" src=\"http:\/\/www.vuelosbaratos.es\/chispaviajera\/wp-content\/uploads\/2016\/12\/dulces-Vi.jpg\" alt=\"\" width=\"1140\" height=\"730\" data-gcid=\"980527\" \/><\/p>\n<p>Marron Glac\u00e9 o Casta\u00f1as Confitadas. Bomboner\u00eda Goya, establecimiento tradicional.<\/p>\n<p><strong>14 horas. La Virgen Blanca y Celed\u00f3n<\/strong><\/p>\n<p>Despu\u00e9s volvemos a la zona de la Plaza de la Virgen Blanca y subimos por las escaleras al fondo de la Plaza para ver la <strong>escultura de la Virgen, patrona de la ciudad<\/strong>. Es una imagen de Alejandro Valdivieso de 1854. Est\u00e1 en el exterior del acceso a la <em>Iglesia de San Miguel<\/em> visible desde la Plaza de la Virgen Blanca y cerca se puede ver tambi\u00e9n la que recuerda a Celed\u00f3n. <strong>Celed\u00f3n<\/strong> es el personaje que representa la tradici\u00f3n agricultora de \u00c1lava y un icono de las fiestas de la ciudad, que comienzan con la \u00abbajada de Celed\u00f3n\u00bb acto que reune a multitudes en la Plaza.<\/p>\n<p>Vitoria tiene <strong>4<\/strong> Iglesias g\u00f3ticas, <strong>Santa Mar\u00eda, San Pedro, San Vicente y San Miguel<\/strong>, esta \u00faltima es donde se encuentra la patrona de la ciudad, la Virgen Blanca, pero la m\u00e1s destacada es la Catedral de Santa Mar\u00eda que ha tenido una completa restauraci\u00f3n que ha durado a\u00f1os por los descubrimientos que han tenido lugar: tumbas antropom\u00f3rficas y restos arqueol\u00f3gicos muy importantes, que visitaremos m\u00e1s tarde.<\/p>\n<figure style=\"width: 1140px\" class=\"wp-caption alignnone\"><img decoding=\"async\" class=\"attachment-full gathercontent-image\" src=\"http:\/\/www.vuelosbaratos.es\/chispaviajera\/wp-content\/uploads\/2016\/12\/Celedon.jpg\" width=\"1140\" height=\"1573\" data-gcid=\"980608\" \/><figcaption class=\"wp-caption-text\">Escultura Virgen Blanca. Iglesia de San Miguel, de estilo G\u00f3tico Renacentista Siglo 14<\/figcaption><\/figure>\n<figure style=\"width: 1140px\" class=\"wp-caption alignnone\"><img decoding=\"async\" class=\"attachment-full gathercontent-image\" src=\"http:\/\/www.vuelosbaratos.es\/chispaviajera\/wp-content\/uploads\/2016\/12\/VBlanca-close.jpg\" width=\"1140\" height=\"1449\" data-gcid=\"980607\" \/><figcaption class=\"wp-caption-text\">Celed\u00f3n, s\u00edmbolo de las fiestas de Vitoria-Gasteiz<\/figcaption><\/figure>\n<p>&nbsp;<\/p>\n<p><strong>14.30 horas.<\/strong> <strong>Comida en el Casco Viejo<\/strong><\/p>\n<p>Gasteiz conserva el trazado medieval original en su parte antigua, con una red de entramado de calles ascendente. Nos adentramos en la zona hist\u00f3rica, que hemos rodeado, y donde vamos a callejear por la tarde. Es la hora de comer. Hay muchas alternativas ya que la zona cuenta con restaurantes donde encontrar men\u00fas asequibles y tambi\u00e9n se puede comer a la carta. Hay para todos los gustos. Lo ideal es tomar los productos de temporada y un buen vino de la rioja alavesa. Vitoria es un referente en cuanto a gastronom\u00eda y cuenta con una excelente huerta.<\/p>\n<p>Un ejemplo es el restaurante <em>Casa Vieja<\/em>, que tiene un gran men\u00fa por 16 euros que y incluye con deliciosos platos de verduras de temporada. Su especialidad es el cordero, cochinillo asado y carnes a la brasa.<\/p>\n<figure style=\"width: 1140px\" class=\"wp-caption alignnone\"><img decoding=\"async\" class=\"attachment-full gathercontent-image\" src=\"http:\/\/www.vuelosbaratos.es\/chispaviajera\/wp-content\/uploads\/2016\/12\/calle-centro-Vitoria.jpg\" width=\"1140\" height=\"763\" data-gcid=\"980609\" \/><figcaption class=\"wp-caption-text\">Vista lateral de la Torre de San Miguel<\/figcaption><\/figure>\n<figure style=\"width: 1140px\" class=\"wp-caption alignnone\"><img decoding=\"async\" class=\"attachment-full gathercontent-image\" src=\"http:\/\/www.vuelosbaratos.es\/chispaviajera\/wp-content\/uploads\/2016\/12\/Muralla-puerta.jpg\" width=\"1140\" height=\"763\" data-gcid=\"980622\" \/><figcaption class=\"wp-caption-text\">Casco Viejo. Muralla Medieval, Puerta<\/figcaption><\/figure>\n<p><strong>16:30 horas.<\/strong> <strong>Visitando La Catedral: Abierto por Obras<\/strong><\/p>\n<p>Es el momento de recorrer la parte alta de la zona antigua de la ciudad que tiene muchos rincones sorprendentes, con palacetes, antiguas construcciones medievales y de visitar la <strong>Catedral de Santa Mar\u00eda<\/strong>, conocida tambi\u00e9n como Catedral Vieja. Este edificio religioso es el m\u00e1s alto de Vitoria-Gastez, con una torre ubicada en el lado Sur y estaba integrada en la muralla medieval.<\/p>\n<p>La Catedral lleva largos a\u00f1os restaur\u00e1ndose pero se puede visitar. \u201c<strong><em>Abierto por Obras<\/em><\/strong>\u201d es el concepto y nombre de las visitas guiadas que muestran los hallazgos arqueol\u00f3gicos del subsuelo, as\u00ed como las restauraciones de la torre y el espl\u00e9ndido p\u00f3rtico, las criptas, adem\u00e1s de otras muchas intervenciones efectuadas en el propio edificio. Las obras de salvaguarda de los muchos tesoros que se muestran hacen que sea una visita imprescindible, de gran inter\u00e9s especialmente ahora, que las obras est\u00e1n concluyendo y se inicia la fase de museabilizaci\u00f3n de este complejo arquitect\u00f3nico monumental. Las visitas por la tarde son a partir de las 16:30 horas. Se entra por la Plaza de la Buruller\u00eda<\/p>\n<p>18:30 horas Al salir de la Catedral iremos a dar al <em>Centro Cultural de Montehermoso<\/em> en la colina alta de la ciudad. Se trata de un Palacio del siglo 16. Un poco m\u00e1s adelante est\u00e1n visibles los restos rehabilitados de la <strong>Muralla Medieval<\/strong>. Continuamos el recorrido por el Casco Hist\u00f3rico Medieval tomando las escaleras mec\u00e1nicas y bajamos a las calles donde se encuentra el <em>Museo Arqueolog\u00eda y de Naipes Fournier, BiBAT<\/em> (que significa dos en uno en euskera) y otros edificios destacados. La <strong>Torre de los Hurtado de Anda<\/strong> es el edificio m\u00e1s antiguo de la ciudad de Vitoria-Gasteiz y data del siglo 13. Hay varias Casonas nobles y Palacios en el casco viejo, estamos en el trazado medieval a\u00fan se conserva intacto. Cena de pintxos y vinos crianza en los bares de la calle Cuchilleros y Zapater\u00eda, vamos callejeando para ver esta bonita zona y disfrutar de las vistas nocturnas.<\/p>\n<div id='gallery-2' class='gallery galleryid-26178 gallery-columns-3 gallery-size-full'><figure class='gallery-item'>\n\t\t\t<div class='gallery-icon landscape'>\n\t\t\t\t<img decoding=\"async\" width=\"1140\" height=\"514\" src=\"https:\/\/www.vuelosbaratos.es\/chispaviajera\/wp-content\/uploads\/2016\/12\/Vitoria-panorama.jpg\" class=\"attachment-full size-full\" alt=\"\" aria-describedby=\"gallery-2-26211\" \/>\n\t\t\t<\/div>\n\t\t\t\t<figcaption class='wp-caption-text gallery-caption' id='gallery-2-26211'>\n\t\t\t\tImagen: Foto Nocturna Vitoria Vista general del Centro, Parte Vieja por <a href=\"https:\/\/www.flickr.com\/photos\/godo70\/19118710959\/\" target=\"_blank\" class=\"external\" rel=\"nofollow\">Alfredo<\/a>, (<a href=\"https:\/\/creativecommons.org\/licenses\/by-nd\/2.0\/\" target=\"_blank\" class=\"external\" rel=\"nofollow\">CC BY-SA 2.0<\/a>)\n\t\t\t\t<\/figcaption><\/figure><figure class='gallery-item'>\n\t\t\t<div class='gallery-icon landscape'>\n\t\t\t\t<img decoding=\"async\" width=\"1140\" height=\"818\" src=\"https:\/\/www.vuelosbaratos.es\/chispaviajera\/wp-content\/uploads\/2016\/12\/galeria2Vitoria1.jpg\" class=\"attachment-full size-full\" alt=\"\" aria-describedby=\"gallery-2-26212\" \/>\n\t\t\t<\/div>\n\t\t\t\t<figcaption class='wp-caption-text gallery-caption' id='gallery-2-26212'>\n\t\t\t\tEscaleras mec\u00e1nicas de acceso a la zona alta de la parte vieja\n\t\t\t\t<\/figcaption><\/figure><figure class='gallery-item'>\n\t\t\t<div class='gallery-icon landscape'>\n\t\t\t\t<img decoding=\"async\" width=\"1140\" height=\"760\" src=\"https:\/\/www.vuelosbaratos.es\/chispaviajera\/wp-content\/uploads\/2016\/12\/galeria2Vitoria2.jpg\" class=\"attachment-full size-full\" alt=\"\" aria-describedby=\"gallery-2-26213\" \/>\n\t\t\t<\/div>\n\t\t\t\t<figcaption class='wp-caption-text gallery-caption' id='gallery-2-26213'>\n\t\t\t\tVista nocturna de la Torre\n\t\t\t\t<\/figcaption><\/figure><figure class='gallery-item'>\n\t\t\t<div class='gallery-icon landscape'>\n\t\t\t\t<img decoding=\"async\" width=\"1140\" height=\"757\" src=\"https:\/\/www.vuelosbaratos.es\/chispaviajera\/wp-content\/uploads\/2016\/12\/galeria2Vitoria3.jpg\" class=\"attachment-full size-full\" alt=\"\" aria-describedby=\"gallery-2-26214\" \/>\n\t\t\t<\/div>\n\t\t\t\t<figcaption class='wp-caption-text gallery-caption' id='gallery-2-26214'>\n\t\t\t\tRestos de la Muralla Siglo 11 por <a href=\"https:\/\/www.flickr.com\/photos\/88083695@N07\/16261455164\" target=\"_blank\" class=\"external\" rel=\"nofollow\">Pablo<\/a>, (<a href=\"https:\/\/creativecommons.org\/licenses\/by\/2.0\/\" target=\"_blank\" class=\"external\" rel=\"nofollow\">CC BY-SA 2.0<\/a>)\n\t\t\t\t<\/figcaption><\/figure><figure class='gallery-item'>\n\t\t\t<div class='gallery-icon landscape'>\n\t\t\t\t<img decoding=\"async\" width=\"1140\" height=\"855\" src=\"https:\/\/www.vuelosbaratos.es\/chispaviajera\/wp-content\/uploads\/2016\/12\/galeria2Vitoria4.jpg\" class=\"attachment-full size-full\" alt=\"\" aria-describedby=\"gallery-2-26215\" \/>\n\t\t\t<\/div>\n\t\t\t\t<figcaption class='wp-caption-text gallery-caption' id='gallery-2-26215'>\n\t\t\t\tAnillo Verde Edificio Fernando Buesa desde Humedal Salburua\n\t\t\t\t<\/figcaption><\/figure><figure class='gallery-item'>\n\t\t\t<div class='gallery-icon landscape'>\n\t\t\t\t<img decoding=\"async\" width=\"1140\" height=\"760\" src=\"https:\/\/www.vuelosbaratos.es\/chispaviajera\/wp-content\/uploads\/2016\/12\/galeria2Vitoria5.jpg\" class=\"attachment-full size-full\" alt=\"\" aria-describedby=\"gallery-2-26216\" \/>\n\t\t\t<\/div>\n\t\t\t\t<figcaption class='wp-caption-text gallery-caption' id='gallery-2-26216'>\n\t\t\t\tPlaza Ayuntamiento\n\t\t\t\t<\/figcaption><\/figure><figure class='gallery-item'>\n\t\t\t<div class='gallery-icon landscape'>\n\t\t\t\t<img decoding=\"async\" width=\"800\" height=\"600\" src=\"https:\/\/www.vuelosbaratos.es\/chispaviajera\/wp-content\/uploads\/2016\/12\/galeria2Vitoria6.jpg\" class=\"attachment-full size-full\" alt=\"\" aria-describedby=\"gallery-2-26217\" \/>\n\t\t\t<\/div>\n\t\t\t\t<figcaption class='wp-caption-text gallery-caption' id='gallery-2-26217'>\n\t\t\t\tVirgen Blanc\n\t\t\t\t<\/figcaption><\/figure><figure class='gallery-item'>\n\t\t\t<div class='gallery-icon landscape'>\n\t\t\t\t<img decoding=\"async\" width=\"1140\" height=\"760\" src=\"https:\/\/www.vuelosbaratos.es\/chispaviajera\/wp-content\/uploads\/2016\/12\/galeria2Vitoria8.jpg\" class=\"attachment-full size-full\" alt=\"\" aria-describedby=\"gallery-2-26218\" \/>\n\t\t\t<\/div>\n\t\t\t\t<figcaption class='wp-caption-text gallery-caption' id='gallery-2-26218'>\n\t\t\t\tPlaza del Machete caracter\u00edstica por su forma irregular por <a href=\"https:\/\/www.flickr.com\/photos\/mploco\/6899133361\/\" target=\"_blank\" class=\"external\" rel=\"nofollow\">Roberto Cacho Toca<\/a>, (<a href=\"https:\/\/creativecommons.org\/licenses\/by\/2.0\/\" target=\"_blank\" class=\"external\" rel=\"nofollow\">CC BY-SA 2.0<\/a>)\n\t\t\t\t<\/figcaption><\/figure><figure class='gallery-item'>\n\t\t\t<div class='gallery-icon landscape'>\n\t\t\t\t<img decoding=\"async\" width=\"1140\" height=\"641\" src=\"https:\/\/www.vuelosbaratos.es\/chispaviajera\/wp-content\/uploads\/2016\/12\/galeria2Vitoria7.jpg\" class=\"attachment-full size-full\" alt=\"\" aria-describedby=\"gallery-2-26219\" \/>\n\t\t\t<\/div>\n\t\t\t\t<figcaption class='wp-caption-text gallery-caption' id='gallery-2-26219'>\n\t\t\t\tTorre de la Catedral Vieja Santa Mar\u00eda\n\t\t\t\t<\/figcaption><\/figure>\n\t\t<\/div>\n\n<p>&nbsp;<\/p>\n<p><strong>[divider] VIERNES\u00a0[\/divider]<\/strong><\/p>\n<p><strong>10 horas.<\/strong>\u00a0<strong>Desayuno y visita a Artium<\/strong><\/p>\n<p>Hemos visitado el casco hist\u00f3rico, la zona hist\u00f3rica monumental, pero Gasteiz es una de las ciudades m\u00e1s modernas y punteras en propuestas de vanguardia del pa\u00eds. Quedan lugares muy interesantes que ver. Vamos a comenzar el d\u00eda visitando <em>dos puntos claves<\/em> que han dotado a esta capital vasca de un prestigio dentro y fuera de nuestras fronteras, y son una parte clave para comprender la apuesta de futuro de esta ciudad: se trata de <strong>Artium<\/strong> uno de los museos m\u00e1s vanguardistas del pa\u00eds y el famoso <strong>Anillo Verde<\/strong>, por el que la ciudad fue galardonada como <em>Capital Verde Europea<\/em> en 2012.<\/p>\n<p>Desayunamos en un local t\u00edpico, <em>La Bilba\u00edna<\/em>, que queda en la plaza del Museo <em>Artium, el Centro-Museo Vasco de Arte Contempor\u00e1neo de Vitoria-Gasteiz<\/em>, inaugurado en 2002 y que abre sus puertas a las 11 horas (domingos inclu\u00eddos).<\/p>\n<p>Este museo cuenta con una de las mejores colecciones de arte actual del pa\u00eds y presenta un programa de exposiciones y actividades muy completo y atractivo durante todo el a\u00f1o. Adem\u00e1s de las exposiciones, programan conciertos, conferencias, sesiones de cine, etc. Entre sus obras en exposici\u00f3n permanente se encuentran obras emblem\u00e1ticas de artistas vascos como Chillida y Oteiza, otras de Tapies, Mir\u00f3, Picasso, Equipo Cr\u00f3nica, Alberto Garc\u00eda-Alix, Luis Gordillo, Eva Lootz y firmas internacionales como Bill Viola, Joseph Beuys, entre otros. En el exterior destaca <em>La Mirada<\/em>, una escultura de hierro de 45 metros de altura del artista Miquel Navarro.<\/p>\n<figure style=\"width: 1140px\" class=\"wp-caption alignnone\"><img decoding=\"async\" class=\"attachment-full gathercontent-image\" src=\"http:\/\/www.vuelosbaratos.es\/chispaviajera\/wp-content\/uploads\/2016\/12\/artium.jpg\" width=\"1140\" height=\"1521\" data-gcid=\"983982\" \/><figcaption class=\"wp-caption-text\">Artium, el Centro-Museo Vasco de Arte Contempor\u00e1neo de Vitoria-Gasteiz<\/figcaption><\/figure>\n<p><strong>12 horas.<\/strong> <strong>Humedales de Salburua, Centro Ataria<\/strong><\/p>\n<p>El <strong>Anillo Verde de Vitoria Gasteiz<\/strong> ha conseguido un equilibrio admirable recuperando espacios de la periferia de manera sostenible y cuidando con mimo enclaves de gran valor biol\u00f3gico y paisaj\u00edstico. Cuenta con <strong>6 parques<\/strong>: <em>Armentia, Olarizu, Salburua, Zabalgana, Zadorra y Errekaleor<\/em>, que pueden recorrerse <strong>caminando<\/strong> o en <strong>bicicleta<\/strong>.<\/p>\n<p>El <strong>Humedal de Salburua<\/strong> est\u00e1 compuesto por tres lagunas y su ecosistema, zona que sirve de anidadero de aves y donde se pueden ver animales y la vegetaci\u00f3n, en un espacio que esta insertado en la propia ciudad. El centro de visitantes <em>Ataria<\/em>, abre a las 11 de la ma\u00f1ana y cuenta con un mirador atractivo para disfrutar de una visi\u00f3n general del parque, con una exposici\u00f3n did\u00e1ctica del mismo y una zona de muestras temporales, generalmente de fotograf\u00eda. Junto a <em>Ataria<\/em> est\u00e1 el Palacio de Deportes Buesa Arena y un edificio llamativo de una entidad bancaria. La entrada a es gratu\u00edta.<\/p>\n<figure style=\"width: 1140px\" class=\"wp-caption alignnone\"><img decoding=\"async\" class=\"attachment-full gathercontent-image\" src=\"http:\/\/www.vuelosbaratos.es\/chispaviajera\/wp-content\/uploads\/2016\/12\/Salburua-ataria.jpg\" width=\"1140\" height=\"763\" data-gcid=\"983994\" \/><figcaption class=\"wp-caption-text\">Ataria, Centro de Visitantes del Humedal de Salburua<\/figcaption><\/figure>\n<figure style=\"width: 1140px\" class=\"wp-caption alignnone\"><img decoding=\"async\" class=\"attachment-full gathercontent-image\" src=\"http:\/\/www.vuelosbaratos.es\/chispaviajera\/wp-content\/uploads\/2016\/12\/Ciervo-Salburua.jpg\" width=\"1140\" height=\"761\" data-gcid=\"983999\" \/><figcaption class=\"wp-caption-text\">Ciervo en los humedales de Vitoria<\/figcaption><\/figure>\n<p><strong>14:30 horas. Parque de la Florida<\/strong><\/p>\n<p>Se acerca la hora de comer y acudimos al restaurante Zaldiaran que cuenta con 1 estrella michel\u00edn -entre otras muchas distinciones y premios- y est\u00e1 pr\u00f3ximo al Parque de la Florida y la Catedral Nueva que iremos a ver m\u00e1s tarde. Hay men\u00fa degustaci\u00f3n de temporada por 55 euros + IVA, que cambia en cada estaci\u00f3n, y merece la pena probar la cocina del chef Patxi Eceiza una vez que se visita Gasteiz. Es un chef muy conocido y cuenta con gran prestigio dentro del mundo gastron\u00f3mico.<\/p>\n<figure style=\"width: 1140px\" class=\"wp-caption alignnone\"><img decoding=\"async\" class=\"attachment-full gathercontent-image\" src=\"http:\/\/www.vuelosbaratos.es\/chispaviajera\/wp-content\/uploads\/2016\/12\/Kiosko-Florida.jpg\" width=\"1140\" height=\"757\" data-gcid=\"984209\" \/><figcaption class=\"wp-caption-text\">Kiosko del Parque de la Florida<\/figcaption><\/figure>\n<p>Esta ciudad est\u00e1 pensada para ser habitada y disfrutada, cuenta con m\u00e1s de 40 parques inmersos en el plano urbano. Las zonas verdes cl\u00e1sicas de Vitoria siguen el prototipo de jard\u00edn ingl\u00e9s rom\u00e1ntico. El Parque de la Florida es el m\u00e1s caracter\u00edstico de esta ciudad, situado en pleno centro, donde se puede disfrutar de espacios para pasear y conectar diferentes zonas de la ciudad y ver su kiosco y el trabajo de jardiner\u00eda, muy cuidado.<\/p>\n<p>&nbsp;<\/p>\n<p><strong>16:30 horas.<\/strong> <strong>Palacio Ajuria-Enea y Museo de Armer\u00eda<\/strong><\/p>\n<p>No se debe olvidar que Vitoria es tambi\u00e9n la capital de Euskadi y est\u00e1n los edificios de la sede del Gobierno Vasco, el Parlamento y donde est\u00e1 la <strong>residencia oficial del Lehendakari<\/strong>, el Presidente del <em>Gobierno Vasco &#8211; Eusko Jaurlaritza<\/em>. Es un edificio de estilo neovasco que est\u00e1 en el Paseo Fray Francisco de Vitoria. Muy cercano, a lado de Ajuria Enea se puede visitar el <em>Museo de Armer\u00eda de Alava<\/em>, en la \u201cCasa Armera de los Gobeo-Guevara San Juan\u201d que tiene una importante colleci\u00f3n de armas hasta principios del siglo 20 y muestra la tradici\u00f3n en fabricaci\u00f3n de armas en el Pa\u00eds Vasco hasta el siglo pasado.<\/p>\n<p><figure style=\"width: 1140px\" class=\"wp-caption alignnone\"><img decoding=\"async\" class=\"attachment-full gathercontent-image\" src=\"http:\/\/www.vuelosbaratos.es\/chispaviajera\/wp-content\/uploads\/2016\/12\/Ajuria-Enea-VI.jpg\" width=\"1140\" height=\"855\" data-gcid=\"984013\" \/><figcaption class=\"wp-caption-text\">Imagen: Ajuria Enea por <a class=\"external\" href=\"https:\/\/commons.wikimedia.org\/wiki\/File%3AVitoria_-_Ajuria_Enea.jpg\" target=\"_blank\" rel=\"nofollow\">Zarateman<\/a> [<a class=\"external\" href=\"https:\/\/creativecommons.org\/publicdomain\/zero\/1.0\/deed.en\" target=\"_blank\" rel=\"nofollow\">CC0<\/a>], via Wikimedia Commons<\/figcaption><\/figure><strong>17:00.<\/strong> <strong>Museo de Bellas Artes de Alava<\/strong><\/p>\n<p>Enfrente queda el Museo de Bellas Artes de \u00c1lava, fundado en 1942, es uno de los mejores museos del Pa\u00eds Vasco y los amantes del arte van a disfrutar mucho visitando sus fondos con obras de Zuloaga, Amarica, Maeztu y otros grandes artistas vascos; pero cualquier viajero que visite esta ciudad debe acercarse a verlo -aunque sea por el exterior-, ya que est\u00e1 ubicado en el Palacio de Augusti, una construcci\u00f3n ecl\u00e9ctica con ornamentaci\u00f3n variada y llamativa y tiene unos preciosos jardines con varias esculturas donde pasear.<\/p>\n<figure style=\"width: 1140px\" class=\"wp-caption alignnone\"><img decoding=\"async\" class=\"attachment-full gathercontent-image\" src=\"http:\/\/www.vuelosbaratos.es\/chispaviajera\/wp-content\/uploads\/2016\/12\/Museo-Jardin.jpg\" width=\"1140\" height=\"855\" data-gcid=\"984210\" \/><figcaption class=\"wp-caption-text\">Imagen: Museo BBAA (Museo Provincial) por <a class=\"external\" href=\"https:\/\/www.flickr.com\/photos\/juantiagues\/12099145203\" target=\"_blank\" rel=\"nofollow\">juantiagues<\/a>, (<a class=\"external\" href=\"https:\/\/creativecommons.org\/licenses\/by-sa\/2.0\/\" target=\"_blank\" rel=\"nofollow\">CC BY-SA 2.0<\/a>)<\/figcaption><\/figure>\n<p><strong>18:00 horas. Catedral Nueva, Museo de Arte Sacro<\/strong><\/p>\n<p>Bajando por la calle San Prudencio y pasando por los jardines de la Florida acabamos la visita viendo la <strong>Catedral Nueva<\/strong> <strong>de Mar\u00eda Inmaculada<\/strong>, neog\u00f3tica, donde est\u00e1 el <em>Museo Diocesano de Arte Sacro<\/em>, que guarda obras de arte que son <strong>verdaderas joyas<\/strong>, como sus esculturas de bulto redondo de v\u00edrgenes. Esta Catedral comenz\u00f3 a edificarse en 1907, acabando de construirse en 1967. Es un espacio que alterna su funci\u00f3n de museo y templo religioso. Hay visitas guiadas.<\/p>\n<figure style=\"width: 1140px\" class=\"wp-caption alignnone\"><img decoding=\"async\" class=\"attachment-full gathercontent-image\" src=\"http:\/\/www.vuelosbaratos.es\/chispaviajera\/wp-content\/uploads\/2016\/12\/CatedralNueva.jpg\" width=\"1140\" height=\"760\" data-gcid=\"984214\" \/><figcaption class=\"wp-caption-text\">Catedral Nueva. Museo de Arte Sacro<\/figcaption><\/figure>\n<p><strong>20:00 horas.<\/strong>\u00a0<strong>Plaza de los Fueros: Pelota Vasca y Deportes Tradicionales Vascos<\/strong><\/p>\n<p>Seguimos el recorrido por lo que se conoce c\u00f3mo la ruta rom\u00e1ntica de Vitoria- Gazteiz y nos acercamos ahora al <em>Ensanche<\/em>, para ver la <strong>Plaza de los Fueros<\/strong>, una plaza moderna de dise\u00f1o laber\u00edntico que guarda una escultura de Eduardo Chillida. Es un espacio abierto, proyecto del arquitecto <strong>Luis Pe\u00f1a Ganchegui<\/strong>, donde se puede ver jugar a Pelota Vasca y otros deportes rurales vascos. Queda a lado de la <em>Casa de Correos<\/em> de la ciudad.<\/p>\n<p>La <strong>Pelota Vasca<\/strong> es deporte originario del Pa\u00eds Vasco y en esta plaza se viene practicando de manera tradicional desde hace muchos a\u00f1os, destacando las competiciones que se celebran en agosto, durante las F<em>iestas de la Virgen Blanca<\/em>. Vitoria cuenta con grandes jugadores, pelotaris, en su historia, que de manera profesional, han jugado tambi\u00e9n en Estados Unidos, Francia y en pa\u00edses de Latinoam\u00e9rica. Se juega a pala corta, paleta con pelota de cuero y mano, compitiendo de manera individual y por parejas. En esta plaza se celebran tambi\u00e9n pruebas de \u00abAizkolaris\u00bb <strong>cortando troncos<\/strong> con hacha y de <strong>levantamiento de piedra<\/strong> o \u00abHarrijasotzaile\u00bb en euskera.<\/p>\n<p>De ah\u00ed llegaremos hasta el <em>Nuevo Teatro de Vitoria<\/em>, el <strong>Teatro Principal<\/strong> de la ciudad, caminando por la calle de los Fueros hasta San Prudencio. Es un edificio de 1918 que est\u00e1 inspirado en el Teatro de la Zarzuela de Madrid y ha sido renovado en los 90.<\/p>\n<p><strong>[divider] SABADO\u00a0[\/divider]<\/strong><\/p>\n<p><strong>9:30 horas. Enoturismo en La Rioja Alavesa<\/strong><\/p>\n<p>El Pa\u00eds Vasco cuenta con un paisaje muy diverso y cambiante, hermosos espacios muy diferentes unos de otros y si tenemos tiempo, vamos a tener la ocasi\u00f3n de verlo en un s\u00f3lo d\u00eda visitando <strong>Laguardia, A\u00f1ana y el Gorbea<\/strong>.<\/p>\n<p>El <strong>vino<\/strong> es el oro l\u00edquido de \u00c1lava y es la ocasi\u00f3n de degustar sus excelentes caldos. Esta zona cuenta con excelentes bodegas de prestigio internacional, entre otras est\u00e1 el edificio de <strong>Frank Gehry<\/strong> de \u201cMarqu\u00e9s de Riscal\u201d en <strong>El Ciego<\/strong> -que queda a 50 km. de Gasteiz- que merece la pena verse; o visitar <strong>Laguardia<\/strong>, una villa amurallada que queda a escasos 30 km. y cuenta con el <em><strong>Centro Tem\u00e1tico del Vino<\/strong><\/em>.<\/p>\n<figure style=\"width: 1140px\" class=\"wp-caption alignnone\"><img decoding=\"async\" class=\"attachment-full gathercontent-image\" src=\"http:\/\/www.vuelosbaratos.es\/chispaviajera\/wp-content\/uploads\/2016\/12\/rioja-alavesa.jpg\" width=\"1140\" height=\"757\" data-gcid=\"984962\" \/><figcaption class=\"wp-caption-text\">Vi\u00f1edos en la Rioja Alavesa<\/figcaption><\/figure>\n<p><strong>14 horas.<\/strong> <strong>El Valle Salado de A\u00f1ana<\/strong><\/p>\n<p>Las Salinas del municipio de A\u00f1ana est\u00e1n a 30 km al oeste de Vitoria. Seguimos un recorrido por carretera para ver este lugar, que recibe muchas visitantes por su belleza y originalidad, es como ver un <em>oasis de olas de sal en el desierto<\/em>, espectacular.<\/p>\n<p>Por la documentaci\u00f3n que se conoce, la villa de <strong>Salinas de A\u00f1ana<\/strong> es de los enclaves m\u00e1s antiguos de \u00c1lava. En la Edad Media la producci\u00f3n y el comercio de la sal la convirtieron en una de las ciudades m\u00e1s pr\u00f3speras del norte de la pen\u00ednsula. Es una de las pocas zonas de interior que conservan aguas con sal y ahora e <em>candidato a incorporarse en los espacios catalogados como Patrimonio Mundial de la UNESCO<\/em>.<\/p>\n<figure style=\"width: 1140px\" class=\"wp-caption alignnone\"><img decoding=\"async\" class=\"attachment-full gathercontent-image\" src=\"http:\/\/www.vuelosbaratos.es\/chispaviajera\/wp-content\/uploads\/2016\/12\/Salinas.jpg\" width=\"1140\" height=\"445\" data-gcid=\"984954\" \/><figcaption class=\"wp-caption-text\">El Valle Salado de A\u00f1ana<\/figcaption><\/figure>\n<p><strong>16 horas.<\/strong> <strong>Parque Natural de Gorbea<\/strong><\/p>\n<p>Ya tomamos la carretera destino al Aeropuerto y vamos a pasar viendo el <em>Gorbea<\/em>, direcci\u00f3n al aeropuerto de Bilbao, desde donde regresamos a casa. El <strong>monte Gorbea<\/strong> es el m\u00e1s alto de estas monta\u00f1as y el <strong>Parque Natural de Gorbea<\/strong> es un espacio protegido que se encuentra situado entre las provincias de \u00c1lava y Vizcaya. Est\u00e1 a 25 km. desde Gasteiz y a 15 km. de Bilbao por carretera.<\/p>\n<figure style=\"width: 1140px\" class=\"wp-caption alignnone\"><img decoding=\"async\" class=\"attachment-full gathercontent-image\" src=\"http:\/\/www.vuelosbaratos.es\/chispaviajera\/wp-content\/uploads\/2016\/12\/Gorbea-paisaje.jpg\" width=\"1140\" height=\"758\" data-gcid=\"984956\" \/><figcaption class=\"wp-caption-text\">Paisaje en el Gorbea<\/figcaption><\/figure>\n<p>&nbsp;<\/p>\n<table class=\"tbldkgy\">\n<tbody>\n<tr>\n<td><strong>EN BREVE &#8211; \u00a0VITORIA- GASTEIZ<\/strong><\/p>\n<p><strong>C\u00f3mo llegar:<\/strong> La ubicaci\u00f3n de Vitoria-Gasteiz, zona de paso desde Castilla hacia Navarra y la frontera occidental de los Pirineos con Francia hace que est\u00e9 muy bien conectada para trasladarse en tren o en autob\u00fas desde la Pen\u00ednsula. La estaci\u00f3n de autobuses est\u00e1 en Euskaltzaindia Plaza, 01010 Vitoria-Gasteiz, Araba.<\/p>\n<p>La estaci\u00f3n principal de Tren est\u00e1 en la Plazuela de la estaci\u00f3n, n\u00ba1 y da a una de las calles principales de la ciudad, la calle Dato, donde hay tiendas emblema ticas de la ciudad, como la Bombonera Goya y otras tiendas importantes. Esta estaci\u00f3n recibe los trenes que llegan desde Madrid, Barcelona, Asturias o Galicia y los trenes que van y vienen de destinos internacionales como Portugal.<\/p>\n<p>Tambi\u00e9n hay vuelos regulares a Madrid y Barcelona y ch\u00e1rteres desde Baleares y Canarias, de Iberia, Spanair, American Airlines y Air Europa. El Aeropuerto de Vitoria, Foronda queda a 9 km de la ciudad. Hay servicio de taxis para llegar al centro. Otra alternativa es optar por llegar al aeropuerto de Bilbao -donde hay <a href=\"http:\/\/www.vuelosbaratos.es\/vuelos-a\/vitoria_gasteiz-espa%C3%B1a.htm\" target=\"_blank\">conexiones m\u00e1s frecuentes todo el a\u00f1o<\/a>&#8211; con alg\u00fan vuelo low-cost y trasladarse hasta Vitoria en autob\u00fas. Es r\u00e1pido, ya que todo queda cerca y las distancias son cortas dentro del Pa\u00eds Vasco.<\/p>\n<p><strong>D\u00f3nde alojarse:<\/strong> Como alojamiento barato, en la calles del casco viejo, a la espalda de la Catedral Vieja de Santa Mar\u00eda est\u00e1 el <a href=\"http:\/\/www.alberguecatedral.com\/\" target=\"_blank\">Albergue de la Catedral<\/a> o el <strong>Hotel Centro Vitoria<\/strong>, que se puede reservar desde el <a href=\"http:\/\/www.vuelosbaratos.es\/HotelesBaratos\/hotelsearch.aspx?city=Vitoria-Gasteiz%2C%20Espa%C3%B1a&amp;dtCheckIn=2016-3-17&amp;dtCheckOut=2016-3-18&amp;occupancy=1&amp;currency=ES\" target=\"_blank\">buscador de hoteles<\/a>.<\/p>\n<p><strong>Datos \u00fatiles:<\/strong> La <a href=\"http:\/\/www.vitoria-gasteiz.org\/we001\/was\/we001Action.do?idioma=es&amp;accionWe001=ficha&amp;accion=turismo\" target=\"_blank\">Oficina de Turismo<\/a> esta en la Plaza de Espa\u00f1a o Plaza Nueva, abre de lunes a s\u00e1bado de 10 a 19 horas y los domingos y d\u00edas festivos de 11 a 14 horas. All\u00ed te informar\u00e1n sobre sus <a href=\"http:\/\/www.vitoria-gasteiz.org\" target=\"_blank\">visitas guiadas<\/a>. Para las reservas de las visitas <a href=\"http:\/\/www.catedralvitoria.com\/catedral_introduccion.php\" target=\"_blank\">\u201cAbierto por Obras\u201d<\/a> de la Catedral de Santa Mar\u00eda se recomienda llamar por tel\u00e9fono 945 255 135. El <a href=\"http:\/\/www.montehermoso.net\/pagina.php?home=1&amp;id_p=795\" target=\"_blank\">Palacio de Montehermoso<\/a> est\u00e1 en la calle de Fray Zacar\u00edas Mart\u00ednez, 2; El Museo de Arqueolog\u00eda y Naipes Fournier, <a href=\"http:\/\/www.alava.net\/cs\/Satellite?c=DPA_Cultura_FA&amp;cid=1223982962950&amp;pageid=1193045487374&amp;pagename=DiputacionAlava%2FDPA_Cultura_FA%2FDPA_museo\" target=\"_blank\">BiBAT<\/a> est\u00e1 en la calle Cuchiller\u00eda, n\u00famero 54; <a href=\"http:\/\/www.artium.org\/es\/\" target=\"_blank\">Artium<\/a>, en la Calle Francia, n\u00famero 24.<\/p>\n<p>Hay varias opciones para llegar al <strong>Anillo Verde<\/strong> y al Parque de Salburua que se pueden <a href=\"http:\/\/www.vitoria-gasteiz.org\/we001\/was\/we001Action.do?aplicacion=wb021&amp;tabla=contenido&amp;idioma=es&amp;uid=u_3d0924cc_12da3712de4__7fe4\" target=\"_blank\">ver aqu\u00ed<\/a>. Existen rutas y recorridos preciosos que se pueden hacer andando o en <a href=\"http:\/\/www.activateenalava.com\/tienda\/p-1510\/alquiler-de-bici-en-vitoria\">bicicleta<\/a> <a href=\"http:\/\/www.activateenalava.com\/tienda\/p-1510\/alquiler-de-bici-en-vitoria\">.<\/a><\/p>\n<p>El Palacio Ajuria-Enea est\u00e1 en el Paseo de Fray Francisco de Vitoria, n\u00famero 5; El <a href=\"http:\/\/www.alava.net\/cs\/Satellite?c=DPA_Cultura_FA&amp;cid=1193045810953&amp;language=es_ES&amp;pageid=1193045487374&amp;pagename=DiputacionAlava%2FDPA_Cultura_FA%2FDPA_museo\" target=\"_blank\">Museo de Bellas Artes<\/a> de Alava, a lado, en el Paseo Fray Francisco, 8; El <a href=\"http:\/\/www.alava.net\/cs\/Satellite?c=DPA_Cultura_FA&amp;cid=1193045794392&amp;language=es_ES&amp;pageid=1193045487374&amp;pagename=DiputacionAlava%2FDPA_Cultura_FA%2FDPA_museo\" target=\"_blank\">Museo de Arte Sacro<\/a>, ubicado en la Catedral Nueva, queda en la Plaza de la Encarnaci\u00f3n, junto al parque de La Florida. El primer s\u00e1bado del mes se entra gratis.<\/p>\n<p><strong>Bares, Restaurantes y Caf\u00e9s:<\/strong> Hay disponibles <a href=\"http:\/\/www.vitoria-gasteiz.org\/we001\/was\/we001Action.do?aplicacion=wb021&amp;tabla=contenido&amp;idioma=es&amp;uid=u_60e9f7db_12cde2ef351__7fc7\" target=\"_blank\">mapas de rutas de pintxos<\/a> en la web del Ayuntamiento de la ciudad. Aqu\u00ed os dejamos una lista de locales recomendados: Restaurante <a href=\"http:\/\/restaurantecasavieja.es\/\" target=\"_blank\">Casa Vieja<\/a> calle Txikita, n\u00famero 6; <a href=\"http:\/\/www.restauranteelportalon.com\/\" target=\"_blank\">El Portal\u00f3n<\/a>, restaurante en la calle Hedegile Kalea, 147-151; <a href=\"http:\/\/www.restaurantezaldiaran.com\" target=\"_blank\">Restaurante Zaldiaran<\/a> (estrella Michelin) Avenida de Gasteiz, n\u00famero 21; <a href=\"http:\/\/www.labilbaina.es\/\" target=\"_blank\">La Bilba\u00edna<\/a>, en la calle Prudencio M\u00aa Verastegui, n\u00famero 2 (tambi\u00e9n es hotel).<\/p>\n<p><strong><em>Bar Deportivo Alav\u00e9s<\/em><\/strong>, por un lado da la Plaza de la Virgen Blanca por el otro a la Plaza de Espa\u00f1a o Plaza Nueva. Restaurante <a href=\"http:\/\/perretxico.es\/\" target=\"_blank\">Bar PerretxiCo<\/a> en San Antonio 3. Restaurante <em>Izartza<\/em>, en la Plaza Nueva. <em>Tolo\u00f1o<\/em> Bar de pintxos en Cuesta San Francisco, n\u00famero 3. <em>Idoia<\/em> bar de pintxos, en la calle Cuchiller\u00eda, n\u00famero 25. Bar <em>Txiki<\/em> en la calle Sancho El Sabio, n\u00famero 14. Bar Restaurante <a href=\"http:\/\/www.barrestauranteerkiaga.com\/es\/\" target=\"_blank\">Erkiaga<\/a>, en la calle Herreria 38, frente a la Iglesia de San Pedro<br \/>\n<a href=\"http:\/\/www.sagartoki.com\/\" target=\"_blank\">Sagartoki<\/a> Sidrer\u00eda asador, un cl\u00e1sico para tomar pintxos que est\u00e1 en la calle del Prado, n\u00famero 18, una de sus especialidades es el de <em>Huevo frito<\/em>, que se toma de un solo bocado.<\/p>\n<p>&nbsp;<\/p>\n<p><strong>Productos t\u00edpicos:<\/strong> Mercado de la Almendra, el primer s\u00e1bado del mes en las proximidades de la Catedral. La <a href=\"http:\/\/www.confiturasgoya.es\" target=\"_blank\">Bomboner\u00eda Goya<\/a> es la m\u00e1s famosa de la ciudad.<\/p>\n<p>Para visitar los alrededores, hay visitas guiadas e informaci\u00f3n en la web de <a href=\"http:\/\/www.alavaturismo.com\" target=\"_blank\">Turismo en \u00c1lava<\/a>.El Centro tem\u00e1tico del Vino en <strong>Laguardia<\/strong> est\u00e1 en <a href=\"http:\/\/www.villa-lucia.com\/\" target=\"_blank\">Villa Luc\u00eda<\/a>. La <a href=\"http:\/\/www.laguardia-alava.com\/\" target=\"_blank\">Oficina de Turismo<\/a> est\u00e1 en la calle Mayor, n\u00famero 52.<\/p>\n<p>En la web de Salinas de A\u00f1ana vereis los horarios e informaci\u00f3n del <a href=\"http:\/\/www.ananaturismo.com\/lugares\/valle-salado-anana\/\" target=\"_blank\">Valle Salado<\/a> y en el siguiente enlace hay datos del <a href=\"http:\/\/www.alava.net\/cs\/Satellite?c=Page&amp;cid=1193046480650&amp;pagename=DiputacionAlava%2FPage%2FDPA_listado\" target=\"_blank\">Parque Natural del Gorbea<\/a>.<\/p>\n<p><strong>Libros:<\/strong> Ken Follet se inspiro en la Catedral de Santa Mar\u00eda o Catedral Vieja de Vitoria-Gasteiz para escribir la segunda parte de su libro \u201cLos Pilares de la Tierra\u201d y es tambi\u00e9n el escenario descrito por Paulo Coelho en su novela \u201cEl Zahir\u201d<\/td>\n<\/tr>\n<\/tbody>\n<\/table>\n<div id=\"_booktextmark_tab_id_\" style=\"visibility: hidden;\" title=\"1481841384287\"><\/div>\n","protected":false},"excerpt":{"rendered":"<p>Vitoria Gasteiz es una de las ciudades que ha estado representada en el World Travel Market de Londres celebrado en noviembre de 2015 junto con otros destinos de Euskadi. Sus caracter\u00edsticas la convierten en un destino id\u00f3neo para viajeros que buscan conocer ciudades que combinan el patrimonio art\u00edstico, riqueza gastron\u00f3mica, enoturismo, y el ecoturismo. Te contamos lo imprescindible para visitarla en 2 d\u00edas.<\/p>\n","protected":false},"author":10,"featured_media":26180,"comment_status":"closed","ping_status":"closed","sticky":false,"template":"","format":"standard","meta":{"footnotes":""},"categories":[1286,1283],"tags":[1314,884,1196],"_links":{"self":[{"href":"https:\/\/www.vuelosbaratos.es\/chispaviajera\/wp-json\/wp\/v2\/posts\/26178"}],"collection":[{"href":"https:\/\/www.vuelosbaratos.es\/chispaviajera\/wp-json\/wp\/v2\/posts"}],"about":[{"href":"https:\/\/www.vuelosbaratos.es\/chispaviajera\/wp-json\/wp\/v2\/types\/post"}],"author":[{"embeddable":true,"href":"https:\/\/www.vuelosbaratos.es\/chispaviajera\/wp-json\/wp\/v2\/users\/10"}],"replies":[{"embeddable":true,"href":"https:\/\/www.vuelosbaratos.es\/chispaviajera\/wp-json\/wp\/v2\/comments?post=26178"}],"version-history":[{"count":23,"href":"https:\/\/www.vuelosbaratos.es\/chispaviajera\/wp-json\/wp\/v2\/posts\/26178\/revisions"}],"predecessor-version":[{"id":28246,"href":"https:\/\/www.vuelosbaratos.es\/chispaviajera\/wp-json\/wp\/v2\/posts\/26178\/revisions\/28246"}],"wp:featuredmedia":[{"embeddable":true,"href":"https:\/\/www.vuelosbaratos.es\/chispaviajera\/wp-json\/wp\/v2\/media\/26180"}],"wp:attachment":[{"href":"https:\/\/www.vuelosbaratos.es\/chispaviajera\/wp-json\/wp\/v2\/media?parent=26178"}],"wp:term":[{"taxonomy":"category","embeddable":true,"href":"https:\/\/www.vuelosbaratos.es\/chispaviajera\/wp-json\/wp\/v2\/categories?post=26178"},{"taxonomy":"post_tag","embeddable":true,"href":"https:\/\/www.vuelosbaratos.es\/chispaviajera\/wp-json\/wp\/v2\/tags?post=26178"}],"curies":[{"name":"wp","href":"https:\/\/api.w.org\/{rel}","templated":true}]}}