{"id":20440,"date":"2015-02-17T04:40:17","date_gmt":"2015-02-17T02:40:17","guid":{"rendered":"http:\/\/www.vuelosbaratos.es\/chispaviajera\/?p=20440"},"modified":"2017-01-21T17:13:23","modified_gmt":"2017-01-21T16:13:23","slug":"48-horas-en-praga","status":"publish","type":"post","link":"https:\/\/www.vuelosbaratos.es\/chispaviajera\/48-horas-en-praga\/","title":{"rendered":"48 horas en Praga"},"content":{"rendered":"<p><strong>Praga<\/strong> es a la vez una ciudad bella e hist\u00f3rica, abierta y enigm\u00e1tica, culta pero entretenida. Resultado de la fusi\u00f3n de dos localidades que hab\u00eda a cada lado de su columna vertebral, el cauce majestuoso del r\u00edo <strong>Moldava<\/strong>, que adem\u00e1s da pie a su nombre (la palabra praha alude a un vado fluvial), su riqueza monumental hace que est\u00e9 protegida por la UNESCO como <strong>Patrimonio de la Humanidad<\/strong> desde 1992.<\/p>\n<p>Desde aquel primer asentamiento en el <strong>siglo X<\/strong> por pueblos eslavos hasta el mill\u00f3n y cuarto largo de habitantes actuales, la ciudad ha vivido <strong>acontecimientos<\/strong> de todo tipo, unos memorables y otros terribles: la dinast\u00eda seminal de los Premislitas, el enriquecimiento medieval por su estrat\u00e9gica ubicaci\u00f3n continental, el establecimiento de una importante comunidad jud\u00eda que le ha dejado un considerable legado, el caos b\u00e9lico de las guerras de religi\u00f3n, el renacer cultural del primer tercio del siglo XX, el horror de la II Guerra Mundial, los a\u00f1os al otro lado del Tel\u00f3n de Acero, la designaci\u00f3n como capital de la reci\u00e9n nacida Rep\u00fablica Checa tras separarse \u00e9sta de Eslovaquia, etc.<\/p>\n<p>\u00bfQu\u00e9 tienen en com\u00fan <strong>nombres<\/strong> como Frank Kafka (escritor), Emil Zapotek (atleta), Jan Hus (l\u00edder religioso), Milos Forman (cineasta), Rainer Mar\u00eda Rilke (poeta), Bedrich Smetana (m\u00fasico) o Vaclav Havel (escritor, pol\u00edtico y Premio N\u00f3bel)? El nexo entre ellos es Praga. Al igual que pasa con Madrid, por ejemplo, no necesitaron haber nacido en la ciudad para integrarse en su vida y convertirse en <strong>hijos adoptivos<\/strong>, ensalz\u00e1ndola cada uno con sus respectiva cualidad.<\/p>\n<p>Y es que Praga destila por sus cuatro costados<strong> cultura<\/strong> y <strong>arte<\/strong>, <strong>ocio<\/strong> y <strong>turismo<\/strong>, todo ello plasmado en palacios, iglesias, castillos, puentes, estatuas, museos, plazas, torres, teatros, caf\u00e9s, tiendas de moda e incluso cementerios. Razones m\u00e1s que suficientes para pasear por sus calles, probar el tranv\u00eda, degustar su contundente gastronom\u00eda, asistir a sus espect\u00e1culos y, en suma&#8230; necesitar mucho m\u00e1s de cuarenta y ocho horas para conocerla.<\/p>\n<p>[divider]MI\u00c9RCOLES [\/divider]<\/p>\n<p><strong>El Castillo y Hradcany &#8211; 9:00 horas<\/strong><\/p>\n<p>La gran ventaja que tiene la capital checa es que la mayor parte -por no decir la totalidad- de sus puntos de inter\u00e9s se concentran en <strong>cinco barrios<\/strong> agrupados y repartidos por ambas riberas del Moldava, de manera que es posible dedicar un d\u00eda a una y el segundo a la otra. Y puestos a empezar, nada mejor que ese cerro que domina el casco urbano donde se alza la mole del <strong>Castillo de Prag<\/strong><strong>a<\/strong>, una de las mayores \u00e1reas fortificadas del mundo, con m\u00e1s de siete hect\u00e1reas.<\/p>\n<p>Desde su apertura a primera hora de la ma\u00f1ana esperan las masas de turistas, una constante durante todo el recorrido. Residencia de los <strong>reyes de Bohemia<\/strong> desde el siglo XII, como todos los edificios de su tipo ha protagonizado m\u00faltiples avatares hist\u00f3ricos, algunos de ellos tan renombrados como la defenestraci\u00f3n\u00a0 de 1618. Es un enorme recinto estructurado en torno a dos patios donde los dos lugares de referencia son el <strong>Palacio Real <\/strong>y la <strong>Catedral de San Vito<\/strong>.<\/p>\n<p>El primero presenta varias fases estil\u00edsticas sucesivas, desde el rom\u00e1nico a las \u00faltimas reformas del XX pasando por el g\u00f3tico, el barroco y el neocl\u00e1sico, fruto de las ampliaciones que iba aportando cada monarca o mandatario. Rincones especialmente destacables son el imponente <strong>Sal\u00f3n de Vladislav<\/strong>, la <strong>Dieta <\/strong>(Parlamento medieval aunque tambi\u00e9n serv\u00eda como sal\u00f3n del trono), la <strong>Escalera del Jinete<\/strong> (escalinata por donde se pod\u00eda entrar a caballo al Sal\u00f3n para participar en justas), la <strong>Canciller\u00eda<\/strong> (donde est\u00e1 la ventana de la citada defenestraci\u00f3n) o la <strong>Capilla de Todos los Santos<\/strong>.<\/p>\n<p>La catedral se empez\u00f3 a construir en 1344 por orden de <strong>Carlos IV<\/strong>, con direcci\u00f3n de Mathieu d&#8217;Arras continuada por Peter Parler., si bien no se termin\u00f3 del todo hasta 1929. Mide 124 metros de longitud por 60 de ancho y 34 de alto (aunque la torre principal alcanza el centenar). Su gran roset\u00f3n vidriado es de lo \u00faltimo que se incorpor\u00f3. La fachada sur era la principal, originalmente, y en ella brilla con luz propia la Puerta Dorada de mosaico. Adem\u00e1s no hay que perderse la galer\u00eda superior del triforio, la <strong>tumba de San Juan Nepomucen<\/strong><strong>o<\/strong> y las capillas de la girola, incluyendo la de la<strong> Santa Cruz <\/strong>(donde reposan los restos de los soberanos bohemios), el <strong>Oratorio Real<\/strong> y la capilla de<strong> San Wenceslao<\/strong> (con las reliquias del santo). En esta \u00faltima se halla la puerta de acceso a la <strong>C\u00e1mara de la Corona<\/strong>, que alberga las joyas reales (seg\u00fan la leyenda, quien se apropie indebidamente de ellas morir\u00e1 de forma tr\u00e1gica).<\/p>\n<p>Al salir de la bas\u00edlica es recomendable darse una vuelta por los patios para ver qu\u00e9 <strong>m\u00e1s maravillas<\/strong> depara esta ciudadela. Entre ellas cabe citar el convento de San Jorge, la Torre de la P\u00f3lvora, la Torre Dalibor, el Palacio Lobkowicz, los Jardines Reales y, especialmente, el <strong>Callej\u00f3n del Or<\/strong><strong>o<\/strong>, formado por peque\u00f1as casitas de una sola planta en las que viv\u00edan y trabajaban los artesanos en el siglo XVI.<\/p>\n<figure style=\"width: 1450px\" class=\"wp-caption alignnone\"><a href=\"http:\/\/www.vuelosbaratos.es\/chispaviajera\/wp-content\/uploads\/2015\/02\/Catedral_de_San_Vito.jpg\"><img decoding=\"async\" src=\"http:\/\/www.vuelosbaratos.es\/chispaviajera\/wp-content\/uploads\/2015\/02\/Catedral_de_San_Vito.jpg\" alt=\"Catedral_de_San_Vito\" width=\"1450\" height=\"967\" \/><\/a><figcaption class=\"wp-caption-text\">Catedral de San Vito. Imagen: \u00a9depositphotos.com\/ohmaymay<\/figcaption><\/figure>\n<p><strong>Hradcany &#8211; 12:00 horas<\/strong><\/p>\n<p>Una vez fuera del recinto del Castillo, no sin antes asistir al cambio de guardia (a mediod\u00eda), es el momento de completar la ma\u00f1ana recorriendo a p\u00ece el barrio de\u00a0<strong>Hradcany<\/strong>, es decir, todas sus inmediaciones., siguiendo el sentido inverso a las agujas del reloj. La primera paradas ser\u00eda la fachada del Palacio Arzobispal, adosado al de Sternberg y que por el otro extremo se remata en el de Martinic. Est\u00e1n en una plaza donde tambi\u00e9n se hallan, frente al patio del Castillo, los<strong> palacios<\/strong> de Salma, Schwarzenberg y Tosorna. M\u00e1s al este, las <strong>iglesias<\/strong> de San Juan Nepomuceno y El Loreto (que cuenta con una supuesta r\u00e9plica de la casa de la Virgen Mar\u00eda), junto al Monasterio de los Capuchinos. Podr\u00edamos terminar la primera parte de la jornada visitando el espl\u00e9ndido <strong>Monasterio de Strahov<\/strong>, con atenci\u00f3n especial a su fabulosa biblioteca.<\/p>\n<div id='gallery-1' class='gallery galleryid-20440 gallery-columns-3 gallery-size-medium'><figure class='gallery-item'>\n\t\t\t<div class='gallery-icon portrait'>\n\t\t\t\t<img decoding=\"async\" width=\"469\" height=\"700\" src=\"https:\/\/www.vuelosbaratos.es\/chispaviajera\/wp-content\/uploads\/2015\/02\/castillopraga5-469x700.jpg\" class=\"attachment-medium size-medium\" alt=\"\" aria-describedby=\"gallery-1-20792\" srcset=\"https:\/\/www.vuelosbaratos.es\/chispaviajera\/wp-content\/uploads\/2015\/02\/castillopraga5-469x700.jpg 469w, https:\/\/www.vuelosbaratos.es\/chispaviajera\/wp-content\/uploads\/2015\/02\/castillopraga5.jpg 803w\" sizes=\"(max-width: 469px) 100vw, 469px\" \/>\n\t\t\t<\/div>\n\t\t\t\t<figcaption class='wp-caption-text gallery-caption' id='gallery-1-20792'>\n\t\t\t\tCalle de Praga, Rep\u00fablica Checa. foto en color de imagen a la antigua \u2014 Imagen: \u00a9depositphotos.com\/Jukov\n\t\t\t\t<\/figcaption><\/figure><figure class='gallery-item'>\n\t\t\t<div class='gallery-icon portrait'>\n\t\t\t\t<img decoding=\"async\" width=\"467\" height=\"700\" src=\"https:\/\/www.vuelosbaratos.es\/chispaviajera\/wp-content\/uploads\/2015\/02\/castillopraga17-467x700.jpg\" class=\"attachment-medium size-medium\" alt=\"\" aria-describedby=\"gallery-1-20779\" srcset=\"https:\/\/www.vuelosbaratos.es\/chispaviajera\/wp-content\/uploads\/2015\/02\/castillopraga17-467x700.jpg 467w, https:\/\/www.vuelosbaratos.es\/chispaviajera\/wp-content\/uploads\/2015\/02\/castillopraga17.jpg 800w\" sizes=\"(max-width: 467px) 100vw, 467px\" \/>\n\t\t\t<\/div>\n\t\t\t\t<figcaption class='wp-caption-text gallery-caption' id='gallery-1-20779'>\n\t\t\t\tvista del centro hist\u00f3rico de Praga con castillo, Rep\u00fablica Checa. Imagen: \u00a9depositphotos.com\/ deslns\n\t\t\t\t<\/figcaption><\/figure><figure class='gallery-item'>\n\t\t\t<div class='gallery-icon landscape'>\n\t\t\t\t<img decoding=\"async\" width=\"700\" height=\"471\" src=\"https:\/\/www.vuelosbaratos.es\/chispaviajera\/wp-content\/uploads\/2015\/02\/castillopraga7-700x471.jpg\" class=\"attachment-medium size-medium\" alt=\"\" aria-describedby=\"gallery-1-20794\" srcset=\"https:\/\/www.vuelosbaratos.es\/chispaviajera\/wp-content\/uploads\/2015\/02\/castillopraga7-700x471.jpg 700w, https:\/\/www.vuelosbaratos.es\/chispaviajera\/wp-content\/uploads\/2015\/02\/castillopraga7.jpg 1140w\" sizes=\"(max-width: 700px) 100vw, 700px\" \/>\n\t\t\t<\/div>\n\t\t\t\t<figcaption class='wp-caption-text gallery-caption' id='gallery-1-20794'>\n\t\t\t\tCastillo de Praga, vista desde la calle loretto. Imagen: \u00a9depositphotos.com\/Skrolan_Kabi\n\t\t\t\t<\/figcaption><\/figure><figure class='gallery-item'>\n\t\t\t<div class='gallery-icon landscape'>\n\t\t\t\t<img decoding=\"async\" width=\"700\" height=\"467\" src=\"https:\/\/www.vuelosbaratos.es\/chispaviajera\/wp-content\/uploads\/2015\/02\/castillopraga10-700x467.jpg\" class=\"attachment-medium size-medium\" alt=\"\" aria-describedby=\"gallery-1-20789\" srcset=\"https:\/\/www.vuelosbaratos.es\/chispaviajera\/wp-content\/uploads\/2015\/02\/castillopraga10-700x467.jpg 700w, https:\/\/www.vuelosbaratos.es\/chispaviajera\/wp-content\/uploads\/2015\/02\/castillopraga10-300x200.jpg 300w, https:\/\/www.vuelosbaratos.es\/chispaviajera\/wp-content\/uploads\/2015\/02\/castillopraga10-360x240.jpg 360w, https:\/\/www.vuelosbaratos.es\/chispaviajera\/wp-content\/uploads\/2015\/02\/castillopraga10-600x400.jpg 600w, https:\/\/www.vuelosbaratos.es\/chispaviajera\/wp-content\/uploads\/2015\/02\/castillopraga10.jpg 1140w\" sizes=\"(max-width: 700px) 100vw, 700px\" \/>\n\t\t\t<\/div>\n\t\t\t\t<figcaption class='wp-caption-text gallery-caption' id='gallery-1-20789'>\n\t\t\t\tHradcany en invierno, Praga. magen: \u00a9depositphotos.com\/phb.cz \n\t\t\t\t<\/figcaption><\/figure><figure class='gallery-item'>\n\t\t\t<div class='gallery-icon portrait'>\n\t\t\t\t<img decoding=\"async\" width=\"478\" height=\"700\" src=\"https:\/\/www.vuelosbaratos.es\/chispaviajera\/wp-content\/uploads\/2015\/02\/castillopraga11-478x700.jpg\" class=\"attachment-medium size-medium\" alt=\"\" aria-describedby=\"gallery-1-20788\" srcset=\"https:\/\/www.vuelosbaratos.es\/chispaviajera\/wp-content\/uploads\/2015\/02\/castillopraga11-478x700.jpg 478w, https:\/\/www.vuelosbaratos.es\/chispaviajera\/wp-content\/uploads\/2015\/02\/castillopraga11.jpg 818w\" sizes=\"(max-width: 478px) 100vw, 478px\" \/>\n\t\t\t<\/div>\n\t\t\t\t<figcaption class='wp-caption-text gallery-caption' id='gallery-1-20788'>\n\t\t\t\tEscaleras medievales en Praga. Imagen: \u00a9depositphotos.com\/nikascorpionka\n\t\t\t\t<\/figcaption><\/figure><figure class='gallery-item'>\n\t\t\t<div class='gallery-icon portrait'>\n\t\t\t\t<img decoding=\"async\" width=\"467\" height=\"700\" src=\"https:\/\/www.vuelosbaratos.es\/chispaviajera\/wp-content\/uploads\/2015\/02\/castillopraga12-467x700.jpg\" class=\"attachment-medium size-medium\" alt=\"\" aria-describedby=\"gallery-1-20787\" srcset=\"https:\/\/www.vuelosbaratos.es\/chispaviajera\/wp-content\/uploads\/2015\/02\/castillopraga12-467x700.jpg 467w, https:\/\/www.vuelosbaratos.es\/chispaviajera\/wp-content\/uploads\/2015\/02\/castillopraga12.jpg 800w\" sizes=\"(max-width: 467px) 100vw, 467px\" \/>\n\t\t\t<\/div>\n\t\t\t\t<figcaption class='wp-caption-text gallery-caption' id='gallery-1-20787'>\n\t\t\t\tEscalera en Praga. Imagen: \u00a9depositphotos.com\/anatols\n\t\t\t\t<\/figcaption><\/figure><figure class='gallery-item'>\n\t\t\t<div class='gallery-icon landscape'>\n\t\t\t\t<img decoding=\"async\" width=\"700\" height=\"368\" src=\"https:\/\/www.vuelosbaratos.es\/chispaviajera\/wp-content\/uploads\/2015\/02\/castillopraga8-700x368.jpg\" class=\"attachment-medium size-medium\" alt=\"\" aria-describedby=\"gallery-1-20791\" srcset=\"https:\/\/www.vuelosbaratos.es\/chispaviajera\/wp-content\/uploads\/2015\/02\/castillopraga8-700x368.jpg 700w, https:\/\/www.vuelosbaratos.es\/chispaviajera\/wp-content\/uploads\/2015\/02\/castillopraga8.jpg 1140w\" sizes=\"(max-width: 700px) 100vw, 700px\" \/>\n\t\t\t<\/div>\n\t\t\t\t<figcaption class='wp-caption-text gallery-caption' id='gallery-1-20791'>\n\t\t\t\tvista de la Plaza del castillo de Praga. Imagen: \u00a9depositphotos.com\/AndreyPopov\n\t\t\t\t<\/figcaption><\/figure><figure class='gallery-item'>\n\t\t\t<div class='gallery-icon landscape'>\n\t\t\t\t<img decoding=\"async\" width=\"700\" height=\"467\" src=\"https:\/\/www.vuelosbaratos.es\/chispaviajera\/wp-content\/uploads\/2015\/02\/castillo-praga20-700x467.jpg\" class=\"attachment-medium size-medium\" alt=\"\" aria-describedby=\"gallery-1-20813\" srcset=\"https:\/\/www.vuelosbaratos.es\/chispaviajera\/wp-content\/uploads\/2015\/02\/castillo-praga20-700x467.jpg 700w, https:\/\/www.vuelosbaratos.es\/chispaviajera\/wp-content\/uploads\/2015\/02\/castillo-praga20-300x200.jpg 300w, https:\/\/www.vuelosbaratos.es\/chispaviajera\/wp-content\/uploads\/2015\/02\/castillo-praga20-360x240.jpg 360w, https:\/\/www.vuelosbaratos.es\/chispaviajera\/wp-content\/uploads\/2015\/02\/castillo-praga20-600x400.jpg 600w, https:\/\/www.vuelosbaratos.es\/chispaviajera\/wp-content\/uploads\/2015\/02\/castillo-praga20.jpg 1140w\" sizes=\"(max-width: 700px) 100vw, 700px\" \/>\n\t\t\t<\/div>\n\t\t\t\t<figcaption class='wp-caption-text gallery-caption' id='gallery-1-20813'>\n\t\t\t\tCastillo de Praga. Imagen: \u00a9depositphotos.com\/sborisov\n\t\t\t\t<\/figcaption><\/figure><figure class='gallery-item'>\n\t\t\t<div class='gallery-icon landscape'>\n\t\t\t\t<img decoding=\"async\" width=\"700\" height=\"467\" src=\"https:\/\/www.vuelosbaratos.es\/chispaviajera\/wp-content\/uploads\/2015\/02\/castillopraga9-700x467.jpg\" class=\"attachment-medium size-medium\" alt=\"\" aria-describedby=\"gallery-1-20790\" srcset=\"https:\/\/www.vuelosbaratos.es\/chispaviajera\/wp-content\/uploads\/2015\/02\/castillopraga9-700x467.jpg 700w, https:\/\/www.vuelosbaratos.es\/chispaviajera\/wp-content\/uploads\/2015\/02\/castillopraga9-300x200.jpg 300w, https:\/\/www.vuelosbaratos.es\/chispaviajera\/wp-content\/uploads\/2015\/02\/castillopraga9-360x240.jpg 360w, https:\/\/www.vuelosbaratos.es\/chispaviajera\/wp-content\/uploads\/2015\/02\/castillopraga9-600x400.jpg 600w, https:\/\/www.vuelosbaratos.es\/chispaviajera\/wp-content\/uploads\/2015\/02\/castillopraga9.jpg 1140w\" sizes=\"(max-width: 700px) 100vw, 700px\" \/>\n\t\t\t<\/div>\n\t\t\t\t<figcaption class='wp-caption-text gallery-caption' id='gallery-1-20790'>\n\t\t\t\tvista de Praga-conjunto del castillo de Praga. Imagen: \u00a9depositphotos.com\/frank11\n\t\t\t\t<\/figcaption><\/figure><figure class='gallery-item'>\n\t\t\t<div class='gallery-icon landscape'>\n\t\t\t\t<img decoding=\"async\" width=\"700\" height=\"467\" src=\"https:\/\/www.vuelosbaratos.es\/chispaviajera\/wp-content\/uploads\/2015\/02\/castillopraga16-700x467.jpg\" class=\"attachment-medium size-medium\" alt=\"\" aria-describedby=\"gallery-1-20782\" srcset=\"https:\/\/www.vuelosbaratos.es\/chispaviajera\/wp-content\/uploads\/2015\/02\/castillopraga16-700x467.jpg 700w, https:\/\/www.vuelosbaratos.es\/chispaviajera\/wp-content\/uploads\/2015\/02\/castillopraga16-300x200.jpg 300w, https:\/\/www.vuelosbaratos.es\/chispaviajera\/wp-content\/uploads\/2015\/02\/castillopraga16-360x240.jpg 360w, https:\/\/www.vuelosbaratos.es\/chispaviajera\/wp-content\/uploads\/2015\/02\/castillopraga16-600x400.jpg 600w, https:\/\/www.vuelosbaratos.es\/chispaviajera\/wp-content\/uploads\/2015\/02\/castillopraga16.jpg 1140w\" sizes=\"(max-width: 700px) 100vw, 700px\" \/>\n\t\t\t<\/div>\n\t\t\t\t<figcaption class='wp-caption-text gallery-caption' id='gallery-1-20782'>\n\t\t\t\tPraga, escalera  en la ciudad vieja de Praga en una noche de invierno. Imagen: \u00a9depositphotos.com\/Premek\n\t\t\t\t<\/figcaption><\/figure><figure class='gallery-item'>\n\t\t\t<div class='gallery-icon landscape'>\n\t\t\t\t<img decoding=\"async\" width=\"700\" height=\"467\" src=\"https:\/\/www.vuelosbaratos.es\/chispaviajera\/wp-content\/uploads\/2015\/02\/castillopraga14-700x467.jpg\" class=\"attachment-medium size-medium\" alt=\"\" aria-describedby=\"gallery-1-20785\" srcset=\"https:\/\/www.vuelosbaratos.es\/chispaviajera\/wp-content\/uploads\/2015\/02\/castillopraga14-700x467.jpg 700w, https:\/\/www.vuelosbaratos.es\/chispaviajera\/wp-content\/uploads\/2015\/02\/castillopraga14-300x200.jpg 300w, https:\/\/www.vuelosbaratos.es\/chispaviajera\/wp-content\/uploads\/2015\/02\/castillopraga14-360x240.jpg 360w, https:\/\/www.vuelosbaratos.es\/chispaviajera\/wp-content\/uploads\/2015\/02\/castillopraga14-600x400.jpg 600w, https:\/\/www.vuelosbaratos.es\/chispaviajera\/wp-content\/uploads\/2015\/02\/castillopraga14.jpg 1140w\" sizes=\"(max-width: 700px) 100vw, 700px\" \/>\n\t\t\t<\/div>\n\t\t\t\t<figcaption class='wp-caption-text gallery-caption' id='gallery-1-20785'>\n\t\t\t\tcalle de noche con niebla, Praga. Imagen: \u00a9depositphotos.com\/zhuzhu\n\t\t\t\t<\/figcaption><\/figure><figure class='gallery-item'>\n\t\t\t<div class='gallery-icon landscape'>\n\t\t\t\t<img decoding=\"async\" width=\"700\" height=\"467\" src=\"https:\/\/www.vuelosbaratos.es\/chispaviajera\/wp-content\/uploads\/2015\/02\/vistacastillo6-700x467.jpg\" class=\"attachment-medium size-medium\" alt=\"\" aria-describedby=\"gallery-1-20793\" srcset=\"https:\/\/www.vuelosbaratos.es\/chispaviajera\/wp-content\/uploads\/2015\/02\/vistacastillo6-700x467.jpg 700w, https:\/\/www.vuelosbaratos.es\/chispaviajera\/wp-content\/uploads\/2015\/02\/vistacastillo6-300x200.jpg 300w, https:\/\/www.vuelosbaratos.es\/chispaviajera\/wp-content\/uploads\/2015\/02\/vistacastillo6-360x240.jpg 360w, https:\/\/www.vuelosbaratos.es\/chispaviajera\/wp-content\/uploads\/2015\/02\/vistacastillo6-600x400.jpg 600w, https:\/\/www.vuelosbaratos.es\/chispaviajera\/wp-content\/uploads\/2015\/02\/vistacastillo6.jpg 1140w\" sizes=\"(max-width: 700px) 100vw, 700px\" \/>\n\t\t\t<\/div>\n\t\t\t\t<figcaption class='wp-caption-text gallery-caption' id='gallery-1-20793'>\n\t\t\t\tcasco antiguo de Praga. Imagen: \u00a9depositphotos.com\/io_nia\n\t\t\t\t<\/figcaption><\/figure><figure class='gallery-item'>\n\t\t\t<div class='gallery-icon landscape'>\n\t\t\t\t<img decoding=\"async\" width=\"700\" height=\"476\" src=\"https:\/\/www.vuelosbaratos.es\/chispaviajera\/wp-content\/uploads\/2015\/02\/castillopraga13-700x476.jpg\" class=\"attachment-medium size-medium\" alt=\"\" aria-describedby=\"gallery-1-20786\" srcset=\"https:\/\/www.vuelosbaratos.es\/chispaviajera\/wp-content\/uploads\/2015\/02\/castillopraga13-700x476.jpg 700w, https:\/\/www.vuelosbaratos.es\/chispaviajera\/wp-content\/uploads\/2015\/02\/castillopraga13.jpg 1140w\" sizes=\"(max-width: 700px) 100vw, 700px\" \/>\n\t\t\t<\/div>\n\t\t\t\t<figcaption class='wp-caption-text gallery-caption' id='gallery-1-20786'>\n\t\t\t\tZahrada na valech en Praga. Imagen: \u00a9depositphotos.com\/mARDYM\n\t\t\t\t<\/figcaption><\/figure><figure class='gallery-item'>\n\t\t\t<div class='gallery-icon landscape'>\n\t\t\t\t<img decoding=\"async\" width=\"700\" height=\"467\" src=\"https:\/\/www.vuelosbaratos.es\/chispaviajera\/wp-content\/uploads\/2015\/02\/castillopraga19-700x467.jpg\" class=\"attachment-medium size-medium\" alt=\"\" aria-describedby=\"gallery-1-20780\" srcset=\"https:\/\/www.vuelosbaratos.es\/chispaviajera\/wp-content\/uploads\/2015\/02\/castillopraga19-700x467.jpg 700w, https:\/\/www.vuelosbaratos.es\/chispaviajera\/wp-content\/uploads\/2015\/02\/castillopraga19-300x200.jpg 300w, https:\/\/www.vuelosbaratos.es\/chispaviajera\/wp-content\/uploads\/2015\/02\/castillopraga19-360x240.jpg 360w, https:\/\/www.vuelosbaratos.es\/chispaviajera\/wp-content\/uploads\/2015\/02\/castillopraga19-600x400.jpg 600w, https:\/\/www.vuelosbaratos.es\/chispaviajera\/wp-content\/uploads\/2015\/02\/castillopraga19.jpg 1140w\" sizes=\"(max-width: 700px) 100vw, 700px\" \/>\n\t\t\t<\/div>\n\t\t\t\t<figcaption class='wp-caption-text gallery-caption' id='gallery-1-20780'>\n\t\t\t\tHradcany y puente de Carlos en invierno, Praga, Chequia. Imagen: \u00a9depositphotos.com\/phb.cz\n\t\t\t\t<\/figcaption><\/figure><figure class='gallery-item'>\n\t\t\t<div class='gallery-icon landscape'>\n\t\t\t\t<img decoding=\"async\" width=\"700\" height=\"444\" src=\"https:\/\/www.vuelosbaratos.es\/chispaviajera\/wp-content\/uploads\/2015\/02\/Hradcany-700x444.jpg\" class=\"attachment-medium size-medium\" alt=\"\" aria-describedby=\"gallery-1-20449\" srcset=\"https:\/\/www.vuelosbaratos.es\/chispaviajera\/wp-content\/uploads\/2015\/02\/Hradcany-700x444.jpg 700w, https:\/\/www.vuelosbaratos.es\/chispaviajera\/wp-content\/uploads\/2015\/02\/Hradcany-1300x825.jpg 1300w, https:\/\/www.vuelosbaratos.es\/chispaviajera\/wp-content\/uploads\/2015\/02\/Hradcany.jpg 1450w\" sizes=\"(max-width: 700px) 100vw, 700px\" \/>\n\t\t\t<\/div>\n\t\t\t\t<figcaption class='wp-caption-text gallery-caption' id='gallery-1-20449'>\n\t\t\t\tCastillo y Catedral de San Vito, en Hradcany. Imagen: \u00a9depositphotos.com\/frbird\n\t\t\t\t<\/figcaption><\/figure><figure class='gallery-item'>\n\t\t\t<div class='gallery-icon landscape'>\n\t\t\t\t<img decoding=\"async\" width=\"700\" height=\"467\" src=\"https:\/\/www.vuelosbaratos.es\/chispaviajera\/wp-content\/uploads\/2015\/02\/Monasterio_de_Strahov-700x467.jpg\" class=\"attachment-medium size-medium\" alt=\"\" aria-describedby=\"gallery-1-20451\" srcset=\"https:\/\/www.vuelosbaratos.es\/chispaviajera\/wp-content\/uploads\/2015\/02\/Monasterio_de_Strahov-700x467.jpg 700w, https:\/\/www.vuelosbaratos.es\/chispaviajera\/wp-content\/uploads\/2015\/02\/Monasterio_de_Strahov-1300x867.jpg 1300w, https:\/\/www.vuelosbaratos.es\/chispaviajera\/wp-content\/uploads\/2015\/02\/Monasterio_de_Strahov-300x200.jpg 300w, https:\/\/www.vuelosbaratos.es\/chispaviajera\/wp-content\/uploads\/2015\/02\/Monasterio_de_Strahov-360x240.jpg 360w, https:\/\/www.vuelosbaratos.es\/chispaviajera\/wp-content\/uploads\/2015\/02\/Monasterio_de_Strahov-600x400.jpg 600w, https:\/\/www.vuelosbaratos.es\/chispaviajera\/wp-content\/uploads\/2015\/02\/Monasterio_de_Strahov.jpg 1450w\" sizes=\"(max-width: 700px) 100vw, 700px\" \/>\n\t\t\t<\/div>\n\t\t\t\t<figcaption class='wp-caption-text gallery-caption' id='gallery-1-20451'>\n\t\t\t\tLa bella biblioteca del Monasterio de Strahov. Imagen: \u00a9depositphotos.com\/SergeyAK\n\t\t\t\t<\/figcaption><\/figure>\n\t\t<\/div>\n\n<p>&nbsp;<\/p>\n<p><strong>Mal\u00e1 Strana &#8211; 15:00<\/strong><\/p>\n<p>No hay problema para buscar un sitio donde comer, pues cualquier viajero con el tiempo justo agradecer\u00e1 que Praga disponga de numerosos puestos de comida callejera o que las no menos abundantes cervecer\u00edas ofrezcan algo para acompa\u00f1ar las gigantescas jarras de cerveza que sirven. As\u00ed que, lleno ya el est\u00f3mago, llega el momento de una visita vespertina\u00a0 al barrio de Mal\u00e1 Strana, a\u00fan en la margen izquierda del r\u00edo.<\/p>\n<p>Muchos consideran a \u00e9sta la parte de Praga con m\u00e1s encanto, llena de hoteles, restaurantes y otros establecimientos hosteleros pero, a la vez, no carente de sitios monumentales que ver. Por ejemplo, <strong>palacios<\/strong> como Wallenstein, Morzin o Sch\u00f6nborn. El barroco se hace presente en multitud de fachadas y terrazas; tambi\u00e9n en iglesias como la de<strong> San Nicol\u00e1s<\/strong>, en la que el exuberante p\u00falpito, el \u00f3rgano, el altar mayor y la magn\u00edfica c\u00fapula pintada al fresco pueden dejar sin habla a cualquiera. Mal\u00e1 Strana tiene una amplia zona verde compuesta por los <strong>jardines de Strahov <\/strong>y<strong> del Seminario <\/strong>m\u00e1s el <strong>Bosque de Petr\u00ed<\/strong><strong>n<\/strong>, ideales para descansar de tanto arte y para ver una curiosidad: un mirador con la forma de la Torre Eiffel pero en menor tama\u00f1o.<\/p>\n<p>No obstante, quien prefiera seguir callejeando debe perderse en el laberinto que lleva hasta el <strong>Muro de John Lennon<\/strong>, una pared llena de grafitis alusivos al exbeatle; los primeros fueron pintados en los a\u00f1os setenta por los estudiantes, en protesta contra el sistema comunista. Acerc\u00e1ndose un poco m\u00e1s al Moldava se podr\u00e1 contemplar un curioso molino de agua, aunque se ver\u00e1 mejor desde el <strong>Puente de Carlos IV<\/strong>. A \u00e9ste se accede por la calle Mostecka y tras atravesar una torre defensiva. El puente, peatonal y decorado con docenas de estatuas, mide medio kil\u00f3metro por el que se establecen muchos artistas callejeros; es uno de los rincones emblem\u00e1ticos de Praga y, por debajo de otra torre, permite pasar a la otra orilla para ver los otros tres barrios tur\u00edsticos.<\/p>\n<div id='gallery-2' class='gallery galleryid-20440 gallery-columns-3 gallery-size-medium'><figure class='gallery-item'>\n\t\t\t<div class='gallery-icon landscape'>\n\t\t\t\t<img decoding=\"async\" width=\"700\" height=\"455\" src=\"https:\/\/www.vuelosbaratos.es\/chispaviajera\/wp-content\/uploads\/2015\/02\/Wallenstein2-praga-700x455.jpg\" class=\"attachment-medium size-medium\" alt=\"\" aria-describedby=\"gallery-2-20809\" srcset=\"https:\/\/www.vuelosbaratos.es\/chispaviajera\/wp-content\/uploads\/2015\/02\/Wallenstein2-praga-700x455.jpg 700w, https:\/\/www.vuelosbaratos.es\/chispaviajera\/wp-content\/uploads\/2015\/02\/Wallenstein2-praga.jpg 1140w\" sizes=\"(max-width: 700px) 100vw, 700px\" \/>\n\t\t\t<\/div>\n\t\t\t\t<figcaption class='wp-caption-text gallery-caption' id='gallery-2-20809'>\n\t\t\t\testalactitas sobre un muro en el jard\u00edn de wallenstein, Praga. Imagen: \u00a9 Depositphotos\/\tIrinaPups\n\t\t\t\t<\/figcaption><\/figure><figure class='gallery-item'>\n\t\t\t<div class='gallery-icon landscape'>\n\t\t\t\t<img decoding=\"async\" width=\"700\" height=\"467\" src=\"https:\/\/www.vuelosbaratos.es\/chispaviajera\/wp-content\/uploads\/2015\/02\/Wallenstein1-praga-700x467.jpg\" class=\"attachment-medium size-medium\" alt=\"\" aria-describedby=\"gallery-2-20810\" srcset=\"https:\/\/www.vuelosbaratos.es\/chispaviajera\/wp-content\/uploads\/2015\/02\/Wallenstein1-praga-700x467.jpg 700w, https:\/\/www.vuelosbaratos.es\/chispaviajera\/wp-content\/uploads\/2015\/02\/Wallenstein1-praga-300x200.jpg 300w, https:\/\/www.vuelosbaratos.es\/chispaviajera\/wp-content\/uploads\/2015\/02\/Wallenstein1-praga-360x240.jpg 360w, https:\/\/www.vuelosbaratos.es\/chispaviajera\/wp-content\/uploads\/2015\/02\/Wallenstein1-praga-600x400.jpg 600w, https:\/\/www.vuelosbaratos.es\/chispaviajera\/wp-content\/uploads\/2015\/02\/Wallenstein1-praga.jpg 1140w\" sizes=\"(max-width: 700px) 100vw, 700px\" \/>\n\t\t\t<\/div>\n\t\t\t\t<figcaption class='wp-caption-text gallery-caption' id='gallery-2-20810'>\n\t\t\t\tjard\u00edn de Wallenstein. Praga, Rep\u00fablica Checa &#8211; \nImagen: \u00a9 Depositphotos\/\tmassonforstock\n\t\t\t\t<\/figcaption><\/figure><figure class='gallery-item'>\n\t\t\t<div class='gallery-icon portrait'>\n\t\t\t\t<img decoding=\"async\" width=\"467\" height=\"700\" src=\"https:\/\/www.vuelosbaratos.es\/chispaviajera\/wp-content\/uploads\/2015\/02\/johnlennonwall-praga-467x700.jpg\" class=\"attachment-medium size-medium\" alt=\"\" aria-describedby=\"gallery-2-20808\" srcset=\"https:\/\/www.vuelosbaratos.es\/chispaviajera\/wp-content\/uploads\/2015\/02\/johnlennonwall-praga-467x700.jpg 467w, https:\/\/www.vuelosbaratos.es\/chispaviajera\/wp-content\/uploads\/2015\/02\/johnlennonwall-praga.jpg 800w\" sizes=\"(max-width: 467px) 100vw, 467px\" \/>\n\t\t\t<\/div>\n\t\t\t\t<figcaption class='wp-caption-text gallery-caption' id='gallery-2-20808'>\n\t\t\t\tMurales en memoria de john lennon. Imagen: \u00a9 Depositphotos\/umbertop_100\n\t\t\t\t<\/figcaption><\/figure><figure class='gallery-item'>\n\t\t\t<div class='gallery-icon landscape'>\n\t\t\t\t<img decoding=\"async\" width=\"700\" height=\"465\" src=\"https:\/\/www.vuelosbaratos.es\/chispaviajera\/wp-content\/uploads\/2015\/02\/praga-punetedecarlos2-700x465.jpg\" class=\"attachment-medium size-medium\" alt=\"\" aria-describedby=\"gallery-2-20772\" srcset=\"https:\/\/www.vuelosbaratos.es\/chispaviajera\/wp-content\/uploads\/2015\/02\/praga-punetedecarlos2-700x465.jpg 700w, https:\/\/www.vuelosbaratos.es\/chispaviajera\/wp-content\/uploads\/2015\/02\/praga-punetedecarlos2-300x200.jpg 300w, https:\/\/www.vuelosbaratos.es\/chispaviajera\/wp-content\/uploads\/2015\/02\/praga-punetedecarlos2-360x240.jpg 360w, https:\/\/www.vuelosbaratos.es\/chispaviajera\/wp-content\/uploads\/2015\/02\/praga-punetedecarlos2-600x400.jpg 600w, https:\/\/www.vuelosbaratos.es\/chispaviajera\/wp-content\/uploads\/2015\/02\/praga-punetedecarlos2.jpg 1140w\" sizes=\"(max-width: 700px) 100vw, 700px\" \/>\n\t\t\t<\/div>\n\t\t\t\t<figcaption class='wp-caption-text gallery-caption' id='gallery-2-20772'>\n\t\t\t\tEl puente de Carlos IV. Imagen: \u00a9depositphotos.com\/TTstudio\n\t\t\t\t<\/figcaption><\/figure><figure class='gallery-item'>\n\t\t\t<div class='gallery-icon landscape'>\n\t\t\t\t<img decoding=\"async\" width=\"700\" height=\"467\" src=\"https:\/\/www.vuelosbaratos.es\/chispaviajera\/wp-content\/uploads\/2015\/02\/praga-punetedecarlos3-700x467.jpg\" class=\"attachment-medium size-medium\" alt=\"\" aria-describedby=\"gallery-2-20769\" srcset=\"https:\/\/www.vuelosbaratos.es\/chispaviajera\/wp-content\/uploads\/2015\/02\/praga-punetedecarlos3-700x467.jpg 700w, https:\/\/www.vuelosbaratos.es\/chispaviajera\/wp-content\/uploads\/2015\/02\/praga-punetedecarlos3-300x200.jpg 300w, https:\/\/www.vuelosbaratos.es\/chispaviajera\/wp-content\/uploads\/2015\/02\/praga-punetedecarlos3-360x240.jpg 360w, https:\/\/www.vuelosbaratos.es\/chispaviajera\/wp-content\/uploads\/2015\/02\/praga-punetedecarlos3-600x400.jpg 600w, https:\/\/www.vuelosbaratos.es\/chispaviajera\/wp-content\/uploads\/2015\/02\/praga-punetedecarlos3.jpg 1140w\" sizes=\"(max-width: 700px) 100vw, 700px\" \/>\n\t\t\t<\/div>\n\t\t\t\t<figcaption class='wp-caption-text gallery-caption' id='gallery-2-20769'>\n\t\t\t\tEl puente de Carlos IV. Imagen: \u00a9depositphotos.com\/courtyardpix\n\t\t\t\t<\/figcaption><\/figure><figure class='gallery-item'>\n\t\t\t<div class='gallery-icon landscape'>\n\t\t\t\t<img decoding=\"async\" width=\"700\" height=\"467\" src=\"https:\/\/www.vuelosbaratos.es\/chispaviajera\/wp-content\/uploads\/2015\/02\/praga-punetedecarlos1-700x467.jpg\" class=\"attachment-medium size-medium\" alt=\"\" aria-describedby=\"gallery-2-20771\" srcset=\"https:\/\/www.vuelosbaratos.es\/chispaviajera\/wp-content\/uploads\/2015\/02\/praga-punetedecarlos1-700x467.jpg 700w, https:\/\/www.vuelosbaratos.es\/chispaviajera\/wp-content\/uploads\/2015\/02\/praga-punetedecarlos1-300x200.jpg 300w, https:\/\/www.vuelosbaratos.es\/chispaviajera\/wp-content\/uploads\/2015\/02\/praga-punetedecarlos1-360x240.jpg 360w, https:\/\/www.vuelosbaratos.es\/chispaviajera\/wp-content\/uploads\/2015\/02\/praga-punetedecarlos1-600x400.jpg 600w, https:\/\/www.vuelosbaratos.es\/chispaviajera\/wp-content\/uploads\/2015\/02\/praga-punetedecarlos1.jpg 1140w\" sizes=\"(max-width: 700px) 100vw, 700px\" \/>\n\t\t\t<\/div>\n\t\t\t\t<figcaption class='wp-caption-text gallery-caption' id='gallery-2-20771'>\n\t\t\t\tEl puente de Carlos IV en invierno. Imagen: \u00a9depositphotos.com\/gornostaj\n\t\t\t\t<\/figcaption><\/figure><figure class='gallery-item'>\n\t\t\t<div class='gallery-icon landscape'>\n\t\t\t\t<img decoding=\"async\" width=\"700\" height=\"467\" src=\"https:\/\/www.vuelosbaratos.es\/chispaviajera\/wp-content\/uploads\/2015\/02\/praga-punetedecarlos4-700x467.jpg\" class=\"attachment-medium size-medium\" alt=\"\" aria-describedby=\"gallery-2-20770\" srcset=\"https:\/\/www.vuelosbaratos.es\/chispaviajera\/wp-content\/uploads\/2015\/02\/praga-punetedecarlos4-700x467.jpg 700w, https:\/\/www.vuelosbaratos.es\/chispaviajera\/wp-content\/uploads\/2015\/02\/praga-punetedecarlos4-300x200.jpg 300w, https:\/\/www.vuelosbaratos.es\/chispaviajera\/wp-content\/uploads\/2015\/02\/praga-punetedecarlos4-360x240.jpg 360w, https:\/\/www.vuelosbaratos.es\/chispaviajera\/wp-content\/uploads\/2015\/02\/praga-punetedecarlos4-600x400.jpg 600w, https:\/\/www.vuelosbaratos.es\/chispaviajera\/wp-content\/uploads\/2015\/02\/praga-punetedecarlos4.jpg 1140w\" sizes=\"(max-width: 700px) 100vw, 700px\" \/>\n\t\t\t<\/div>\n\t\t\t\t<figcaption class='wp-caption-text gallery-caption' id='gallery-2-20770'>\n\t\t\t\tEl puente de Carlos IV. Imagen: \u00a9depositphotos.com\/JuliaSha\n\t\t\t\t<\/figcaption><\/figure><figure class='gallery-item'>\n\t\t\t<div class='gallery-icon landscape'>\n\t\t\t\t<img decoding=\"async\" width=\"700\" height=\"473\" src=\"https:\/\/www.vuelosbaratos.es\/chispaviajera\/wp-content\/uploads\/2015\/02\/Puente_de_Carlos_IV-700x473.jpg\" class=\"attachment-medium size-medium\" alt=\"\" aria-describedby=\"gallery-2-20453\" srcset=\"https:\/\/www.vuelosbaratos.es\/chispaviajera\/wp-content\/uploads\/2015\/02\/Puente_de_Carlos_IV-700x473.jpg 700w, https:\/\/www.vuelosbaratos.es\/chispaviajera\/wp-content\/uploads\/2015\/02\/Puente_de_Carlos_IV-1300x879.jpg 1300w, https:\/\/www.vuelosbaratos.es\/chispaviajera\/wp-content\/uploads\/2015\/02\/Puente_de_Carlos_IV.jpg 1450w\" sizes=\"(max-width: 700px) 100vw, 700px\" \/>\n\t\t\t<\/div>\n\t\t\t\t<figcaption class='wp-caption-text gallery-caption' id='gallery-2-20453'>\n\t\t\t\tEl puente de Carlos IV. Imagen: \u00a9depositphotos.com\/lefpap\n\t\t\t\t<\/figcaption><\/figure><figure class='gallery-item'>\n\t\t\t<div class='gallery-icon landscape'>\n\t\t\t\t<img decoding=\"async\" width=\"700\" height=\"467\" src=\"https:\/\/www.vuelosbaratos.es\/chispaviajera\/wp-content\/uploads\/2015\/02\/puentedecarlos-praga2-700x467.jpg\" class=\"attachment-medium size-medium\" alt=\"\" aria-describedby=\"gallery-2-20775\" srcset=\"https:\/\/www.vuelosbaratos.es\/chispaviajera\/wp-content\/uploads\/2015\/02\/puentedecarlos-praga2-700x467.jpg 700w, https:\/\/www.vuelosbaratos.es\/chispaviajera\/wp-content\/uploads\/2015\/02\/puentedecarlos-praga2-300x200.jpg 300w, https:\/\/www.vuelosbaratos.es\/chispaviajera\/wp-content\/uploads\/2015\/02\/puentedecarlos-praga2-360x240.jpg 360w, https:\/\/www.vuelosbaratos.es\/chispaviajera\/wp-content\/uploads\/2015\/02\/puentedecarlos-praga2-600x400.jpg 600w, https:\/\/www.vuelosbaratos.es\/chispaviajera\/wp-content\/uploads\/2015\/02\/puentedecarlos-praga2.jpg 1140w\" sizes=\"(max-width: 700px) 100vw, 700px\" \/>\n\t\t\t<\/div>\n\t\t\t\t<figcaption class='wp-caption-text gallery-caption' id='gallery-2-20775'>\n\t\t\t\tel puente de Carlos y el castillo de Praga antes del amanecer. Imagen: \u00a9depositphotos.com\/zhuzhu\n\t\t\t\t<\/figcaption><\/figure>\n\t\t<\/div>\n\n<p>[divider]JUEVES [\/divider]<\/p>\n<p><strong>Ciudad Vieja &#8211; 9:00<\/strong><\/p>\n<p>La Star\u00e9 Mesto o Ciudad Vieja era el barrio en torno al ayuntamiento, donde habitaban y trabajaban los comerciantes y artesanos. Tambi\u00e9n es el sitio m\u00e1s indicado para comer si se quiere hacerlo de restaurante. Pero antes hay que conocer el lugar. Se puede empezar donde se dej\u00f3 el d\u00eda anterior, en el Puente de Carlos IV, a cuyo lado derecho se encuentra el <strong>Museo Smetana<\/strong> (en un edificio neorenacentista asomado al r\u00edo) mientrtas que al izquierdo est\u00e1 el <strong>Clementinum<\/strong>\u00a0 (antiguo seminario). Avanzando por la serpenteante <strong>calle Karlova<\/strong>, flanqueada por fachadas hist\u00f3ricas y sitios curiosos como el Museo de Arte Joven, un Museo de Marionetas, el Teatro Negro o la estatua dedicada a la princesa Libussa (fundadora m\u00edtica de Praga) entre otros, se llega al famos\u00edsimo <strong>Reloj Astron\u00f3mico<\/strong>, que est\u00e1 en un lateral del consistorio.<\/p>\n<p>Es la antesala a uno de los lugares m\u00e1s fotog\u00e9nicos de la ciudad, la plaza conocida como <strong><em>Staromestk\u00e9 N\u00e1mest\u00ed<\/em><\/strong>. En ella se ven las fotog\u00e9nicas y afiladas torres g\u00f3ticas de la Iglesia de Tyn, el Palacio Golz-Kinsk\u00fd (ahora galer\u00eda de arte) y la Iglesia de San Nicol\u00e1s, barroca. En el centro est\u00e1 la estatua de Jan Hus y, rodeando ese di\u00e1fano espacio, multitud de <strong>detalles<\/strong>: la Casa de los Osos Dorados aqu\u00ed, la oscura Torre de la P\u00f3lvora all\u00e1, la Campana de Piedra acull\u00e1&#8230; El rom\u00e1nico se alterna con el g\u00f3tico, el barroco con el <em>art-nouveau<\/em>. Es el momento de girar hacia el norte y rematar la ma\u00f1ana en un rinc\u00f3n verdaderamente especial.<\/p>\n<div id='gallery-3' class='gallery galleryid-20440 gallery-columns-3 gallery-size-medium'><figure class='gallery-item'>\n\t\t\t<div class='gallery-icon landscape'>\n\t\t\t\t<img decoding=\"async\" width=\"700\" height=\"469\" src=\"https:\/\/www.vuelosbaratos.es\/chispaviajera\/wp-content\/uploads\/2015\/02\/pragacascoviejo2-700x469.jpg\" class=\"attachment-medium size-medium\" alt=\"\" aria-describedby=\"gallery-3-20783\" srcset=\"https:\/\/www.vuelosbaratos.es\/chispaviajera\/wp-content\/uploads\/2015\/02\/pragacascoviejo2-700x469.jpg 700w, https:\/\/www.vuelosbaratos.es\/chispaviajera\/wp-content\/uploads\/2015\/02\/pragacascoviejo2-300x200.jpg 300w, https:\/\/www.vuelosbaratos.es\/chispaviajera\/wp-content\/uploads\/2015\/02\/pragacascoviejo2-360x240.jpg 360w, https:\/\/www.vuelosbaratos.es\/chispaviajera\/wp-content\/uploads\/2015\/02\/pragacascoviejo2.jpg 1140w\" sizes=\"(max-width: 700px) 100vw, 700px\" \/>\n\t\t\t<\/div>\n\t\t\t\t<figcaption class='wp-caption-text gallery-caption' id='gallery-3-20783'>\n\t\t\t\tCasco antiguo en Praga. Imagen: Copyright: depositphotos\/io_nia\n\t\t\t\t<\/figcaption><\/figure><figure class='gallery-item'>\n\t\t\t<div class='gallery-icon landscape'>\n\t\t\t\t<img decoding=\"async\" width=\"700\" height=\"467\" src=\"https:\/\/www.vuelosbaratos.es\/chispaviajera\/wp-content\/uploads\/2015\/02\/pragacascoviejo4-700x467.jpg\" class=\"attachment-medium size-medium\" alt=\"\" aria-describedby=\"gallery-3-20778\" srcset=\"https:\/\/www.vuelosbaratos.es\/chispaviajera\/wp-content\/uploads\/2015\/02\/pragacascoviejo4-700x467.jpg 700w, https:\/\/www.vuelosbaratos.es\/chispaviajera\/wp-content\/uploads\/2015\/02\/pragacascoviejo4-300x200.jpg 300w, https:\/\/www.vuelosbaratos.es\/chispaviajera\/wp-content\/uploads\/2015\/02\/pragacascoviejo4-360x240.jpg 360w, https:\/\/www.vuelosbaratos.es\/chispaviajera\/wp-content\/uploads\/2015\/02\/pragacascoviejo4-600x400.jpg 600w, https:\/\/www.vuelosbaratos.es\/chispaviajera\/wp-content\/uploads\/2015\/02\/pragacascoviejo4.jpg 1140w\" sizes=\"(max-width: 700px) 100vw, 700px\" \/>\n\t\t\t<\/div>\n\t\t\t\t<figcaption class='wp-caption-text gallery-caption' id='gallery-3-20778'>\n\t\t\t\tAntiguo edificio del Ayuntamiento y la Catedral de Tyn, Praga. Imagen: Copyright: depositphotos\/karnizz\n\t\t\t\t<\/figcaption><\/figure><figure class='gallery-item'>\n\t\t\t<div class='gallery-icon landscape'>\n\t\t\t\t<img decoding=\"async\" width=\"700\" height=\"465\" src=\"https:\/\/www.vuelosbaratos.es\/chispaviajera\/wp-content\/uploads\/2015\/02\/Reloj_Astronomico-700x465.jpg\" class=\"attachment-medium size-medium\" alt=\"\" aria-describedby=\"gallery-3-20455\" srcset=\"https:\/\/www.vuelosbaratos.es\/chispaviajera\/wp-content\/uploads\/2015\/02\/Reloj_Astronomico-700x465.jpg 700w, https:\/\/www.vuelosbaratos.es\/chispaviajera\/wp-content\/uploads\/2015\/02\/Reloj_Astronomico-1300x864.jpg 1300w, https:\/\/www.vuelosbaratos.es\/chispaviajera\/wp-content\/uploads\/2015\/02\/Reloj_Astronomico-300x200.jpg 300w, https:\/\/www.vuelosbaratos.es\/chispaviajera\/wp-content\/uploads\/2015\/02\/Reloj_Astronomico-360x240.jpg 360w, https:\/\/www.vuelosbaratos.es\/chispaviajera\/wp-content\/uploads\/2015\/02\/Reloj_Astronomico-600x400.jpg 600w, https:\/\/www.vuelosbaratos.es\/chispaviajera\/wp-content\/uploads\/2015\/02\/Reloj_Astronomico.jpg 1450w\" sizes=\"(max-width: 700px) 100vw, 700px\" \/>\n\t\t\t<\/div>\n\t\t\t\t<figcaption class='wp-caption-text gallery-caption' id='gallery-3-20455'>\n\t\t\t\tEl Reloj Astron\u00f3mico. Imagen: \u00a9depositphotos.com\/vicspacewalker\n\t\t\t\t<\/figcaption><\/figure><figure class='gallery-item'>\n\t\t\t<div class='gallery-icon landscape'>\n\t\t\t\t<img decoding=\"async\" width=\"700\" height=\"475\" src=\"https:\/\/www.vuelosbaratos.es\/chispaviajera\/wp-content\/uploads\/2015\/02\/pragacascoviejo5-700x475.jpg\" class=\"attachment-medium size-medium\" alt=\"\" aria-describedby=\"gallery-3-20781\" srcset=\"https:\/\/www.vuelosbaratos.es\/chispaviajera\/wp-content\/uploads\/2015\/02\/pragacascoviejo5-700x475.jpg 700w, https:\/\/www.vuelosbaratos.es\/chispaviajera\/wp-content\/uploads\/2015\/02\/pragacascoviejo5.jpg 1140w\" sizes=\"(max-width: 700px) 100vw, 700px\" \/>\n\t\t\t<\/div>\n\t\t\t\t<figcaption class='wp-caption-text gallery-caption' id='gallery-3-20781'>\n\t\t\t\tPraga, antiguo Ayuntamiento (siglo XV), ciudad Plaza e Iglesia de nuestra se\u00f1ora de tyn (1365) por la ma\u00f1ana. Imagen: Copyright: depositphotos\/\tquixoticsnd\n\t\t\t\t<\/figcaption><\/figure>\n\t\t<\/div>\n\n<p><strong><br \/>\nBarrio Jud\u00edo &#8211; 12:00<\/strong><\/p>\n<p>La antigua juder\u00eda praguense, tambi\u00e9n llamada <em><strong>Josefov<\/strong><\/em>, data del siglo X como m\u00ednimo, si bien tuvo su momento \u00e1lgido unos seiscientos a\u00f1os despu\u00e9s, en tiempos del emperador Rodolfo II, cuando uno de los miembros de la comunidad lleg\u00f3 a ser ministro. Escenario de la versi\u00f3n local de la<em> Shoa<\/em> durante la II Guerra Mundial, lo poco original que se conserva se debe a la intenci\u00f3n nazi de convertir el barrio entero en un museo.<\/p>\n<p>Por supuesto, es casi obligatorio visitar el c\u00e9lebre <strong>cementerio<\/strong>, creado en 1478. La escasez de espacio oblig\u00f3 a enterrar los cuerpos unos sobre otros en varios niveles, por lo que las doce mil l\u00e1pidas labradas existentes hoy no representan m\u00e1s que a una m\u00ednima parte de las cien mil personas inhumadas. De ellas, sin duda la m\u00e1s popular es la del rabino L\u00f6w pero, arracimadas en los lindes del tortuoso sendero, se van sucediendo otras desde aquellos tiempos hasta 1787, a\u00f1o en que se hizo el \u00faltimo sepelio.<\/p>\n<p>Al salir, conservando la <em>kippa<\/em> que dan con la entrada (que vale para todo el conjunto), es recomendable ir visitando las <strong>sinagogas<\/strong>. La primera, la Klausen, es un museo de costumbres jud\u00edas. y est\u00e1 adosada al camposanto, lo mismo que la Pinkas (cuyas paredes interiores tienen escritos todos los muertos en el Holocausto) y la Saronov\u00e1 (g\u00f3tica, la m\u00e1s antigua de Europa). Otras sinagogas son la renacentista (restaurada en barroco) Maisel, la morisca Espa\u00f1ola y la Viejo-Nueva. Por \u00faltimo, se puede ver el <strong>Convento de Santa In\u00e9s<\/strong>, un edificio g\u00f3tico actualmente reaprovechado como Galer\u00eda Nacional de arte checo decimon\u00f3nico.<\/p>\n<figure style=\"width: 1450px\" class=\"wp-caption alignnone\"><a href=\"http:\/\/www.vuelosbaratos.es\/chispaviajera\/wp-content\/uploads\/2015\/02\/Cementerio_Judio.jpg\"><img decoding=\"async\" src=\"http:\/\/www.vuelosbaratos.es\/chispaviajera\/wp-content\/uploads\/2015\/02\/Cementerio_Judio.jpg\" alt=\"Cementerio_Judio\" width=\"1450\" height=\"961\" \/><\/a><figcaption class=\"wp-caption-text\">Cementerio Jud\u00edo. Imagen: \u00a9depositphotos.com\/sedmak<\/figcaption><\/figure>\n<p>&nbsp;<\/p>\n<figure style=\"width: 1450px\" class=\"wp-caption alignnone\"><a href=\"http:\/\/www.vuelosbaratos.es\/chispaviajera\/wp-content\/uploads\/2015\/02\/Sinagoga.jpg\"><img decoding=\"async\" src=\"http:\/\/www.vuelosbaratos.es\/chispaviajera\/wp-content\/uploads\/2015\/02\/Sinagoga.jpg\" alt=\"Old synagogue in Jewish Quarter of Prague\" width=\"1450\" height=\"963\" \/><\/a><figcaption class=\"wp-caption-text\">Sinagoga Vieja-Nueva. Imagen: \u00a9depositphotos.com\/tipota<\/figcaption><\/figure>\n<p><strong>La Ciudad Nueva &#8211; 16:00<\/strong><\/p>\n<p>Despu\u00e9s de comer en cualquiera de los sitios t\u00edpicos que abundan en la Ciudad Vieja, toca ver una parte distinta de la urbe, la Nov\u00e9 Mesto. No es que sea de nuevo cu\u00f1o sino que corresponde a un par de kil\u00f3metros cuadrados de urbanismo planificado, con calles anchas, mercados y arquitectura monumental con la habitual mezcla de estilos. La mejor muestra de ello es la colosal y alargada Plaza Wenceslao, que ha pasado de ser el mercado medieval de caballos una referencia para los turistas. No obstante, sigue siendo un equino el protagonista: el que sirve de montura al santo hom\u00f3nimo en la estatua ecuestre que se alza frente al Museo Nacional, casi compartiendo espacio con el monumento a la memoria de las v\u00edctimas del comunismo.<\/p>\n<figure id=\"attachment_20804\" aria-describedby=\"caption-attachment-20804\" style=\"width: 1140px\" class=\"wp-caption alignnone\"><a href=\"http:\/\/www.vuelosbaratos.es\/chispaviajera\/wp-content\/uploads\/2015\/02\/plazasanvenceslao-praga2.jpg\"><img decoding=\"async\" class=\"wp-image-20804 size-full\" src=\"http:\/\/www.vuelosbaratos.es\/chispaviajera\/wp-content\/uploads\/2015\/02\/plazasanvenceslao-praga2.jpg\" alt=\"\" width=\"1140\" height=\"763\" srcset=\"https:\/\/www.vuelosbaratos.es\/chispaviajera\/wp-content\/uploads\/2015\/02\/plazasanvenceslao-praga2.jpg 1140w, https:\/\/www.vuelosbaratos.es\/chispaviajera\/wp-content\/uploads\/2015\/02\/plazasanvenceslao-praga2-700x469.jpg 700w, https:\/\/www.vuelosbaratos.es\/chispaviajera\/wp-content\/uploads\/2015\/02\/plazasanvenceslao-praga2-300x200.jpg 300w, https:\/\/www.vuelosbaratos.es\/chispaviajera\/wp-content\/uploads\/2015\/02\/plazasanvenceslao-praga2-360x240.jpg 360w\" sizes=\"(max-width: 1140px) 100vw, 1140px\" \/><\/a><figcaption id=\"caption-attachment-20804\" class=\"wp-caption-text\">La Plaza de San Wenceslao. Imagen: \u00a9depositphotos.com\/palolilo<\/figcaption><\/figure>\n<p>&nbsp;<\/p>\n<p><strong>La Ciudad Nueva &#8211; 17:00 horas<\/strong><\/p>\n<p>Hay otra importante plaza, \u00e9sta en la zona sur de la Nov\u00e9 Mesto: la dedicada a <strong>Carlos IV<\/strong>. Aqu\u00ed predomina el barroco, si bien los edificios m\u00e1s destacados no se encuadran en ese estilo: uno es el Teatro Nacional, decimon\u00f3nico, neorrenacentista y solemnemente bello; el otro, la llamada <strong>Casa Danzante<\/strong>, popularmente conocida como <em>Ginger y Fred<\/em> porque sus autores (el famoso Frank Gehry y Vlado Milunic) le confirieron un dise\u00f1o tan din\u00e1mico como sorprendente.<\/p>\n<p>A\u00fan habr\u00eda tiempo de ver <strong>otros rincones<\/strong> fascinantes, como la Casa Fausto (que alberg\u00f3 a un alquimista), el Ayuntamiento de la Ciudad Nueva (con su inconfundible torre y una ventana donde hubo otra defenestraci\u00f3n) o la Iglesia de San Cirilo y San Metodio (asaltada por las SS para capturar a los autores de la muerte de unos de sus jefes, Reinhard Heydrich; todav\u00eda se ven las marcas de los disparos).<\/p>\n<figure id=\"attachment_20803\" aria-describedby=\"caption-attachment-20803\" style=\"width: 1140px\" class=\"wp-caption alignnone\"><a href=\"http:\/\/www.vuelosbaratos.es\/chispaviajera\/wp-content\/uploads\/2015\/02\/casadanzante2-praga.jpg\"><img decoding=\"async\" class=\"wp-image-20803 size-full\" src=\"http:\/\/www.vuelosbaratos.es\/chispaviajera\/wp-content\/uploads\/2015\/02\/casadanzante2-praga.jpg\" alt=\"\" width=\"1140\" height=\"1140\" srcset=\"https:\/\/www.vuelosbaratos.es\/chispaviajera\/wp-content\/uploads\/2015\/02\/casadanzante2-praga.jpg 1140w, https:\/\/www.vuelosbaratos.es\/chispaviajera\/wp-content\/uploads\/2015\/02\/casadanzante2-praga-150x150.jpg 150w, https:\/\/www.vuelosbaratos.es\/chispaviajera\/wp-content\/uploads\/2015\/02\/casadanzante2-praga-700x700.jpg 700w, https:\/\/www.vuelosbaratos.es\/chispaviajera\/wp-content\/uploads\/2015\/02\/casadanzante2-praga-125x125.jpg 125w\" sizes=\"(max-width: 1140px) 100vw, 1140px\" \/><\/a><figcaption id=\"caption-attachment-20803\" class=\"wp-caption-text\">La Casa Danzante. Imagen: \u00a9depositphotos.com\/mazzzur<\/figcaption><\/figure>\n<p>&nbsp;<\/p>\n<table class=\"tbldkgy\">\n<tbody>\n<tr>\n<td><strong>C\u00f3mo llegar<\/strong><br \/>\n<strong>Avi\u00f3n<\/strong>: el Aeropuerto Internacional Vaclav Havel est\u00e1 en Ruzyne, a 10 kil\u00f3metros del centro urbano (l\u00ednea A de Metro) Es el <em>hub<\/em> (centro de conexiones) de Czech Airlines, que vuela desde Espa\u00f1a con salidas desde <a href=\"http:\/\/www.vuelosbaratos.es\/OfertasVuelos\/MAD\/PRG\/Vuelos-baratos-de-Madrid-a-Praga.htm\" target=\"_blank\">Madrid<\/a>, aunque tambi\u00e9n lo hacen Iberia, Vueling y Smart Wings. Asimismo, hay salidas desde <a href=\"http:\/\/www.vuelosbaratos.es\/OfertasVuelos\/BCN\/PRG\/Vuelos-baratos-de-Barcelona-a-Praga.htm\" target=\"_blank\">Barcelona<\/a> (Czech, Iberia, Vueling), <a href=\"http:\/\/www.vuelosbaratos.es\/OfertasVuelos\/ACE\/PRG\/Vuelos-baratos-de-Lanzarote-a-Praga.htm\" target=\"_blank\">Lanzarote <\/a>(Travel Service), <a href=\"http:\/\/www.vuelosbaratos.es\/OfertasVuelos\/LPA\/PRG\/Vuelos-baratos-de-Gran-Canaria-a-Praga.htm\" target=\"_blank\">Gran Canaria <\/a>(Travel Service) y <a href=\"http:\/\/www.vuelosbaratos.es\/OfertasVuelos\/TCI\/PRG\/Vuelos-baratos-de-Tenerife-a-Praga.htm\" target=\"_blank\">Tenerife Sur<\/a> (Travel Services).<br \/>\n<strong>Tren:<\/strong> Praga tiene dos grandes estaciones, la Estaci\u00f3n Central Hlavni Nadrazi, y la <a href=\"http:\/\/www.101viajes.com\/Praga\/Estacion-tren-Praha-Nadrazi-Holesovice\">estaci\u00f3n Holesovice<\/a>, operadas por la compa\u00f1\u00eda <a href=\"http:\/\/www.cd.cz\/default.htm\" target=\"_blank\">Cesk\u00e9 Dari<\/a>. Interrail, Rail Plus y Eurrail son las opciones que ofrece <a href=\"http:\/\/www.renfe.com\/viajeros\/viajes_internacionales\/promospases.html\" target=\"_blank\">Renfe<\/a>.<br \/>\n<strong>Autob\u00fas:<\/strong> la empresa <a href=\"http:\/\/www.alsa.es\/rutas\/madrid-praga.htm\" target=\"_blank\">ALSA<\/a>\u00a0ofrece conexiones en autob\u00fas\u00a0desde Madrid.<\/p>\n<p><strong>D\u00f3nde alojar<\/strong><br \/>\nLa p\u00e1gina de vuelosbaratos tiene numerosas <a href=\"http:\/\/www.vuelosbaratos.es\/hotelesbaratos\/\" target=\"_blank\">ofertas de hoteles en Praga<\/a>, de todas las categor\u00edas y precios.<\/p>\n<p><strong>Cu\u00e1ndo ir<\/strong><br \/>\nCualquiera de las cuatro estaciones es buena para visitar la capital checa. En verano puede haber d\u00edas de mucho calor mientras que en primavera y oto\u00f1o las temperaturas ser\u00e1n m\u00e1s suaves. En invierno se sufrir\u00e1 fr\u00edo intenso y nevadas, pero hay un atractivo especial; adem\u00e1s, ser\u00e1 la ocasi\u00f3n de ver uno de esos mercadillos navide\u00f1os tradicionales.La <a href=\"http:\/\/www.czechtourism.com\/sp\/a\/prague\/\" target=\"_blank\">web oficial de turismo <\/a>proporcionar\u00e1 m\u00e1s informaci\u00f3n al respecto.<br \/>\n<strong>Libros<\/strong><br \/>\nQuien desee conocer m\u00e1s sobre Praga tiene una referencia literaria ineludible: Frank Kafka, que describe algunos sitios en sus obras (<em>El proceso<\/em>, por ejemplo). No obstante, tambi\u00e9n hay que citar al ex-presidente Vaclav Havel y a Jaroslav Hasek, cuya novela <em>Las aventuras del buen soldado Svejk<\/em> son el equivalente de nuestro Quijote.<br \/>\n<strong>M\u00fasica<\/strong><br \/>\nY para ambientar musicalmente la visita, nada como recurrir a dos cl\u00e1sicos ineludibles: Smetana (autor de El Moldava) y Dvorak (Sinfon\u00eda del Nuevo Mundo),<br \/>\nAlgunos grupos de m\u00fasica checa\u00a0(1970\u00a0&#8211;\u00a02015)\u00a0:\u00a0<strong>Traband<\/strong> \u00a0( G\u00e9nero musical: m\u00fasica world y etnica. Influencias: Klezmatics, Pogues) , <strong>Raduza<\/strong> (Influencias: Suzanne Vega, Mike Olfield), Jaromir Nohavica ( G\u00e9nero musical: folk rock), Buty, \u00a0Jablkon (70\u00b4s. Influencias: Frank Zappa, Pink Floyd), Tara Fuki (en Polaco.\u00a0Influencias: Joni Mitchel),<\/td>\n<\/tr>\n<\/tbody>\n<\/table>\n","protected":false},"excerpt":{"rendered":"<p>Praga, capital de la joven Rep\u00fablica Checa, es posiblemente una de las ciudades m\u00e1s bonitas y monumentales de Europa, llena de bizarras estatuas y ostentosos\u00a0 palacios, de una historia tan rica como turbulenta, de misteriosas leyendas y crudas realidades.<\/p>\n","protected":false},"author":18,"featured_media":20831,"comment_status":"closed","ping_status":"closed","sticky":false,"template":"","format":"standard","meta":{"footnotes":""},"categories":[1286,1283],"tags":[932,964],"_links":{"self":[{"href":"https:\/\/www.vuelosbaratos.es\/chispaviajera\/wp-json\/wp\/v2\/posts\/20440"}],"collection":[{"href":"https:\/\/www.vuelosbaratos.es\/chispaviajera\/wp-json\/wp\/v2\/posts"}],"about":[{"href":"https:\/\/www.vuelosbaratos.es\/chispaviajera\/wp-json\/wp\/v2\/types\/post"}],"author":[{"embeddable":true,"href":"https:\/\/www.vuelosbaratos.es\/chispaviajera\/wp-json\/wp\/v2\/users\/18"}],"replies":[{"embeddable":true,"href":"https:\/\/www.vuelosbaratos.es\/chispaviajera\/wp-json\/wp\/v2\/comments?post=20440"}],"version-history":[{"count":47,"href":"https:\/\/www.vuelosbaratos.es\/chispaviajera\/wp-json\/wp\/v2\/posts\/20440\/revisions"}],"predecessor-version":[{"id":27246,"href":"https:\/\/www.vuelosbaratos.es\/chispaviajera\/wp-json\/wp\/v2\/posts\/20440\/revisions\/27246"}],"wp:featuredmedia":[{"embeddable":true,"href":"https:\/\/www.vuelosbaratos.es\/chispaviajera\/wp-json\/wp\/v2\/media\/20831"}],"wp:attachment":[{"href":"https:\/\/www.vuelosbaratos.es\/chispaviajera\/wp-json\/wp\/v2\/media?parent=20440"}],"wp:term":[{"taxonomy":"category","embeddable":true,"href":"https:\/\/www.vuelosbaratos.es\/chispaviajera\/wp-json\/wp\/v2\/categories?post=20440"},{"taxonomy":"post_tag","embeddable":true,"href":"https:\/\/www.vuelosbaratos.es\/chispaviajera\/wp-json\/wp\/v2\/tags?post=20440"}],"curies":[{"name":"wp","href":"https:\/\/api.w.org\/{rel}","templated":true}]}}